{"id":1919,"date":"2024-12-12T14:23:00","date_gmt":"2024-12-12T18:23:00","guid":{"rendered":"https:\/\/kawsachunnews.com\/w\/iris-season-2-on-canal-is-doria-tillier-returning-for-more\/"},"modified":"2024-12-12T14:23:01","modified_gmt":"2024-12-12T18:23:01","slug":"iris-season-2-on-canal-is-doria-tillier-returning-for-more","status":"publish","type":"post","link":"https:\/\/kawsachunnews.com\/w\/iris-season-2-on-canal-is-doria-tillier-returning-for-more\/","title":{"rendered":"Iris Season 2 on Canal+: Is Doria Tillier Returning for More?"},"content":{"rendered":"<article id=\"article-container\" class=\"article-container\"><\/p>\n<p class=\"article-lead\">Tonight on Canal+, the final two episodes of Iris will air. Created, led, written, and directed by Doria Tillier, will this unique and quirky series be granted a second season?<\/p>\n<div id=\"article-content\" class=\"article-content\"><\/p>\n<p class=\"bo-p\">After three weeks on the air, Canal+ is set to broadcast the last two episodes of Iris this Monday, December 9. The series, known for its quirky nature, was created, written, led, and directed by Doria Tillier (Children Are Kings).<\/p>\n<p><\/p>\n<p class=\"bo-p\">Over six episodes, viewers have been engrossed in the life of Iris, a woman who thinks differently from everyone else.<\/p>\n<p><\/p>\n<p class=\"bo-p\">While Iris may have a head like everyone else, her mind is anything but ordinary. Her way of speaking is also quite unique, often saying things others wouldn\u2019t dare to.<\/p>\n<p><\/p>\n<p class=\"bo-p\">As a result, the list of people she frustrates grows daily. Yet, it often seems that Iris herself suffers the most from her unconventional ways. And love? When you do nothing like anyone else, you find it far from clich\u00e9s&#8230;<\/p>\n<p><\/p>\n<p class=\"bo-p\">In the series, Doria Tillier acts alongside Fran\u00e7ois Morel, Jeanne Balibar, Pascale Arbillot, Ma\u00ebl Besnard, Ana\u00efde Rozam, Michel Masiero, and Denis Podalyd\u00e8s.<\/p>\n<p><\/p>\n<p class=\"bo-p\">Quirky, original, and brilliantly penned, Iris won the award for the best 26-minute series at the La Rochelle Fiction Festival.<\/p>\n<p><\/p>\n<p class=\"bo-p\">However, as the saga of this extraordinary woman comes to a close, viewers are likely wondering if Iris will have a second season.<\/p>\n<h2 class=\"bo-h2\">Will There Be a Season 2 for Iris?<\/h2>\n<p><\/p>\n<p class=\"bo-p\">As of now, Canal+ has not confirmed a second season for Iris. The network is probably waiting to see the audience results both on-air and on its streaming platform.<\/p>\n<p><\/p>\n<p class=\"bo-p\">Fans will need to be patient to find out the network\u2019s decision. Nevertheless, Doria Tillier hinted in an interview with Allocin\u00e9 last September that &#8220;<i>anything is possible<\/i>&#8220;.<\/p>\n<p><\/p>\n<p class=\"bo-p\">Stay tuned!<\/p>\n<p><\/p>\n<p class=\"bo-p\"><b>Catch the final two episodes of Iris this Monday, December 9 at 10 PM on Canal+.<\/b><\/p>\n<p>\n<\/div>\n<p>\n<\/article>\n\n\n<div class=\"kk-star-ratings kksr-auto kksr-align-left kksr-valign-bottom\"\n    data-payload='{&quot;align&quot;:&quot;left&quot;,&quot;id&quot;:&quot;1919&quot;,&quot;slug&quot;:&quot;default&quot;,&quot;valign&quot;:&quot;bottom&quot;,&quot;ignore&quot;:&quot;&quot;,&quot;reference&quot;:&quot;auto&quot;,&quot;class&quot;:&quot;&quot;,&quot;count&quot;:&quot;0&quot;,&quot;legendonly&quot;:&quot;&quot;,&quot;readonly&quot;:&quot;&quot;,&quot;score&quot;:&quot;0&quot;,&quot;starsonly&quot;:&quot;&quot;,&quot;best&quot;:&quot;5&quot;,&quot;gap&quot;:&quot;5&quot;,&quot;greet&quot;:&quot;Rate this post&quot;,&quot;legend&quot;:&quot;0\\\/5 - (0 votes)&quot;,&quot;size&quot;:&quot;22&quot;,&quot;title&quot;:&quot;Iris Season 2 on Canal+: Is Doria Tillier Returning for More?&quot;,&quot;width&quot;:&quot;0&quot;,&quot;_legend&quot;:&quot;{score}\\\/{best} - ({count} {votes})&quot;,&quot;font_factor&quot;:&quot;1.25&quot;}'>\n            \n<div class=\"kksr-stars\">\n    \n<div class=\"kksr-stars-inactive\">\n            <div class=\"kksr-star\" data-star=\"1\" style=\"padding-right: 5px\">\n            \n\n<div class=\"kksr-icon\" style=\"width: 22px; height: 22px;\"><\/div>\n        <\/div>\n            <div class=\"kksr-star\" data-star=\"2\" style=\"padding-right: 5px\">\n            \n\n<div class=\"kksr-icon\" style=\"width: 22px; height: 22px;\"><\/div>\n        <\/div>\n            <div class=\"kksr-star\" data-star=\"3\" style=\"padding-right: 5px\">\n            \n\n<div class=\"kksr-icon\" style=\"width: 22px; height: 22px;\"><\/div>\n        <\/div>\n            <div class=\"kksr-star\" data-star=\"4\" style=\"padding-right: 5px\">\n            \n\n<div class=\"kksr-icon\" style=\"width: 22px; height: 22px;\"><\/div>\n        <\/div>\n            <div class=\"kksr-star\" data-star=\"5\" style=\"padding-right: 5px\">\n            \n\n<div class=\"kksr-icon\" style=\"width: 22px; height: 22px;\"><\/div>\n        <\/div>\n    <\/div>\n    \n<div class=\"kksr-stars-active\" style=\"width: 0px;\">\n            <div class=\"kksr-star\" style=\"padding-right: 5px\">\n            \n\n<div class=\"kksr-icon\" style=\"width: 22px; height: 22px;\"><\/div>\n        <\/div>\n            <div class=\"kksr-star\" style=\"padding-right: 5px\">\n            \n\n<div class=\"kksr-icon\" style=\"width: 22px; height: 22px;\"><\/div>\n        <\/div>\n            <div class=\"kksr-star\" style=\"padding-right: 5px\">\n            \n\n<div class=\"kksr-icon\" style=\"width: 22px; height: 22px;\"><\/div>\n        <\/div>\n            <div class=\"kksr-star\" style=\"padding-right: 5px\">\n            \n\n<div class=\"kksr-icon\" style=\"width: 22px; height: 22px;\"><\/div>\n        <\/div>\n            <div class=\"kksr-star\" style=\"padding-right: 5px\">\n            \n\n<div class=\"kksr-icon\" style=\"width: 22px; height: 22px;\"><\/div>\n        <\/div>\n    <\/div>\n<\/div>\n                \n\n<div class=\"kksr-legend\" style=\"font-size: 17.6px;\">\n            <span class=\"kksr-muted\">Rate this post<\/span>\n    <\/div>\n    <\/div>\n","protected":false},"excerpt":{"rendered":"<p>Tonight on Canal+, the final two episodes of Iris will air. Created, led, written, and directed by Doria Tillier, will this unique and quirky series be &#8230; <a title=\"Iris Season 2 on Canal+: Is Doria Tillier Returning for More?\" class=\"read-more\" href=\"https:\/\/kawsachunnews.com\/w\/iris-season-2-on-canal-is-doria-tillier-returning-for-more\/\" aria-label=\"Read more about Iris Season 2 on Canal+: Is Doria Tillier Returning for More?\">Continue Reading &rarr;<\/a><\/p>\n","protected":false},"author":17,"featured_media":1920,"comment_status":"open","ping_status":"open","sticky":false,"template":"","format":"standard","meta":{"footnotes":""},"categories":[14],"tags":[],"class_list":["post-1919","post","type-post","status-publish","format-standard","has-post-thumbnail","hentry","category-tv"],"yoast_head":"<!-- This site is optimized with the Yoast SEO plugin v26.8 - https:\/\/yoast.com\/product\/yoast-seo-wordpress\/ -->\n<title>Iris Season 2 on Canal+: Is Doria Tillier Returning for More? - Kawsachun News -<\/title>\n<meta name=\"robots\" content=\"index, follow, max-snippet:-1, max-image-preview:large, max-video-preview:-1\" \/>\n<link rel=\"canonical\" href=\"https:\/\/kawsachunnews.com\/w\/iris-season-2-on-canal-is-doria-tillier-returning-for-more\/\" \/>\n<meta property=\"og:locale\" content=\"en_US\" \/>\n<meta property=\"og:type\" content=\"article\" \/>\n<meta property=\"og:title\" content=\"Iris Season 2 on Canal+: Is Doria Tillier Returning for More? - Kawsachun News -\" \/>\n<meta property=\"og:description\" content=\"Tonight on Canal+, the final two episodes of Iris will air. Created, led, written, and directed by Doria Tillier, will this unique and quirky series be ... Continue Reading &rarr;\" \/>\n<meta property=\"og:url\" content=\"https:\/\/kawsachunnews.com\/w\/iris-season-2-on-canal-is-doria-tillier-returning-for-more\/\" \/>\n<meta property=\"og:site_name\" content=\"Kawsachun News -\" \/>\n<meta property=\"article:published_time\" content=\"2024-12-12T18:23:00+00:00\" \/>\n<meta property=\"article:modified_time\" content=\"2024-12-12T18:23:01+00:00\" \/>\n<meta property=\"og:image\" content=\"https:\/\/kawsachunnews.com\/w\/wp-content\/uploads\/2024\/12\/Iris-Season-2-on-Canal-Is-Doria-Tillier-Returning-for.jpg\" \/>\n\t<meta property=\"og:image:width\" content=\"1280\" \/>\n\t<meta property=\"og:image:height\" content=\"720\" \/>\n\t<meta property=\"og:image:type\" content=\"image\/jpeg\" \/>\n<meta name=\"author\" content=\"Iris Lennox\" \/>\n<meta name=\"twitter:card\" content=\"summary_large_image\" \/>\n<meta name=\"twitter:label1\" content=\"Written by\" \/>\n\t<meta name=\"twitter:data1\" content=\"Iris Lennox\" \/>\n\t<meta name=\"twitter:label2\" content=\"Est. reading time\" \/>\n\t<meta name=\"twitter:data2\" content=\"2 minutes\" \/>\n<script type=\"application\/ld+json\" class=\"yoast-schema-graph\">{\"@context\":\"https:\/\/schema.org\",\"@graph\":[{\"@type\":\"Article\",\"@id\":\"https:\/\/kawsachunnews.com\/w\/iris-season-2-on-canal-is-doria-tillier-returning-for-more\/#article\",\"isPartOf\":{\"@id\":\"https:\/\/kawsachunnews.com\/w\/iris-season-2-on-canal-is-doria-tillier-returning-for-more\/\"},\"author\":{\"name\":\"Iris Lennox\",\"@id\":\"https:\/\/kawsachunnews.com\/w\/#\/schema\/person\/320320f0951ff2b525aa3fd822593170\"},\"headline\":\"Iris Season 2 on Canal+: Is Doria Tillier Returning for More?\",\"datePublished\":\"2024-12-12T18:23:00+00:00\",\"dateModified\":\"2024-12-12T18:23:01+00:00\",\"mainEntityOfPage\":{\"@id\":\"https:\/\/kawsachunnews.com\/w\/iris-season-2-on-canal-is-doria-tillier-returning-for-more\/\"},\"wordCount\":320,\"commentCount\":0,\"publisher\":{\"@id\":\"https:\/\/kawsachunnews.com\/w\/#organization\"},\"image\":{\"@id\":\"https:\/\/kawsachunnews.com\/w\/iris-season-2-on-canal-is-doria-tillier-returning-for-more\/#primaryimage\"},\"thumbnailUrl\":\"https:\/\/kawsachunnews.com\/w\/wp-content\/uploads\/2024\/12\/Iris-Season-2-on-Canal-Is-Doria-Tillier-Returning-for.jpg\",\"articleSection\":[\"TV\"],\"inLanguage\":\"en-US\",\"potentialAction\":[{\"@type\":\"CommentAction\",\"name\":\"Comment\",\"target\":[\"https:\/\/kawsachunnews.com\/w\/iris-season-2-on-canal-is-doria-tillier-returning-for-more\/#respond\"]}]},{\"@type\":\"WebPage\",\"@id\":\"https:\/\/kawsachunnews.com\/w\/iris-season-2-on-canal-is-doria-tillier-returning-for-more\/\",\"url\":\"https:\/\/kawsachunnews.com\/w\/iris-season-2-on-canal-is-doria-tillier-returning-for-more\/\",\"name\":\"Iris Season 2 on Canal+: Is Doria Tillier Returning for More? - Kawsachun News -\",\"isPartOf\":{\"@id\":\"https:\/\/kawsachunnews.com\/w\/#website\"},\"primaryImageOfPage\":{\"@id\":\"https:\/\/kawsachunnews.com\/w\/iris-season-2-on-canal-is-doria-tillier-returning-for-more\/#primaryimage\"},\"image\":{\"@id\":\"https:\/\/kawsachunnews.com\/w\/iris-season-2-on-canal-is-doria-tillier-returning-for-more\/#primaryimage\"},\"thumbnailUrl\":\"https:\/\/kawsachunnews.com\/w\/wp-content\/uploads\/2024\/12\/Iris-Season-2-on-Canal-Is-Doria-Tillier-Returning-for.jpg\",\"datePublished\":\"2024-12-12T18:23:00+00:00\",\"dateModified\":\"2024-12-12T18:23:01+00:00\",\"breadcrumb\":{\"@id\":\"https:\/\/kawsachunnews.com\/w\/iris-season-2-on-canal-is-doria-tillier-returning-for-more\/#breadcrumb\"},\"inLanguage\":\"en-US\",\"potentialAction\":[{\"@type\":\"ReadAction\",\"target\":[\"https:\/\/kawsachunnews.com\/w\/iris-season-2-on-canal-is-doria-tillier-returning-for-more\/\"]}]},{\"@type\":\"ImageObject\",\"inLanguage\":\"en-US\",\"@id\":\"https:\/\/kawsachunnews.com\/w\/iris-season-2-on-canal-is-doria-tillier-returning-for-more\/#primaryimage\",\"url\":\"https:\/\/kawsachunnews.com\/w\/wp-content\/uploads\/2024\/12\/Iris-Season-2-on-Canal-Is-Doria-Tillier-Returning-for.jpg\",\"contentUrl\":\"https:\/\/kawsachunnews.com\/w\/wp-content\/uploads\/2024\/12\/Iris-Season-2-on-Canal-Is-Doria-Tillier-Returning-for.jpg\",\"width\":1280,\"height\":720,\"caption\":\"Iris sur Canal + : une saison 2 est-elle pr\u00e9vue pour la s\u00e9rie de et avec Doria Tillier ?\"},{\"@type\":\"BreadcrumbList\",\"@id\":\"https:\/\/kawsachunnews.com\/w\/iris-season-2-on-canal-is-doria-tillier-returning-for-more\/#breadcrumb\",\"itemListElement\":[{\"@type\":\"ListItem\",\"position\":1,\"name\":\"Accueil\",\"item\":\"https:\/\/kawsachunnews.com\/w\/\"},{\"@type\":\"ListItem\",\"position\":2,\"name\":\"Iris Season 2 on Canal+: Is Doria Tillier Returning for More?\"}]},{\"@type\":\"WebSite\",\"@id\":\"https:\/\/kawsachunnews.com\/w\/#website\",\"url\":\"https:\/\/kawsachunnews.com\/w\/\",\"name\":\"Kawsachun News -\",\"description\":\"\",\"publisher\":{\"@id\":\"https:\/\/kawsachunnews.com\/w\/#organization\"},\"potentialAction\":[{\"@type\":\"SearchAction\",\"target\":{\"@type\":\"EntryPoint\",\"urlTemplate\":\"https:\/\/kawsachunnews.com\/w\/?s={search_term_string}\"},\"query-input\":{\"@type\":\"PropertyValueSpecification\",\"valueRequired\":true,\"valueName\":\"search_term_string\"}}],\"inLanguage\":\"en-US\"},{\"@type\":\"Organization\",\"@id\":\"https:\/\/kawsachunnews.com\/w\/#organization\",\"name\":\"Kawsachun News -\",\"url\":\"https:\/\/kawsachunnews.com\/w\/\",\"logo\":{\"@type\":\"ImageObject\",\"inLanguage\":\"en-US\",\"@id\":\"https:\/\/kawsachunnews.com\/w\/#\/schema\/logo\/image\/\",\"url\":\"https:\/\/kawsachunnews.com\/w\/wp-content\/uploads\/2024\/09\/kawsachunnews-logo-406-2.jpg\",\"contentUrl\":\"https:\/\/kawsachunnews.com\/w\/wp-content\/uploads\/2024\/09\/kawsachunnews-logo-406-2.jpg\",\"width\":406,\"height\":72,\"caption\":\"Kawsachun News -\"},\"image\":{\"@id\":\"https:\/\/kawsachunnews.com\/w\/#\/schema\/logo\/image\/\"}},{\"@type\":\"Person\",\"@id\":\"https:\/\/kawsachunnews.com\/w\/#\/schema\/person\/320320f0951ff2b525aa3fd822593170\",\"name\":\"Iris Lennox\",\"image\":{\"@type\":\"ImageObject\",\"inLanguage\":\"en-US\",\"@id\":\"https:\/\/kawsachunnews.com\/w\/#\/schema\/person\/image\/\",\"url\":\"https:\/\/secure.gravatar.com\/avatar\/521a95248ab257bc48d343b1e5caafbd?s=96&d=mm&r=g\",\"contentUrl\":\"https:\/\/secure.gravatar.com\/avatar\/521a95248ab257bc48d343b1e5caafbd?s=96&d=mm&r=g\",\"caption\":\"Iris Lennox\"},\"description\":\"A passionate journalist, Iris Lennox covers social and cultural news across the U.S.\",\"url\":\"https:\/\/kawsachunnews.com\/w\/author\/iris-lennox\/\"}]}<\/script>\n<!-- \/ Yoast SEO plugin. -->","yoast_head_json":{"title":"Iris Season 2 on Canal+: Is Doria Tillier Returning for More? - Kawsachun News -","robots":{"index":"index","follow":"follow","max-snippet":"max-snippet:-1","max-image-preview":"max-image-preview:large","max-video-preview":"max-video-preview:-1"},"canonical":"https:\/\/kawsachunnews.com\/w\/iris-season-2-on-canal-is-doria-tillier-returning-for-more\/","og_locale":"en_US","og_type":"article","og_title":"Iris Season 2 on Canal+: Is Doria Tillier Returning for More? - Kawsachun News -","og_description":"Tonight on Canal+, the final two episodes of Iris will air. Created, led, written, and directed by Doria Tillier, will this unique and quirky series be ... Continue Reading &rarr;","og_url":"https:\/\/kawsachunnews.com\/w\/iris-season-2-on-canal-is-doria-tillier-returning-for-more\/","og_site_name":"Kawsachun News -","article_published_time":"2024-12-12T18:23:00+00:00","article_modified_time":"2024-12-12T18:23:01+00:00","og_image":[{"width":1280,"height":720,"url":"https:\/\/kawsachunnews.com\/w\/wp-content\/uploads\/2024\/12\/Iris-Season-2-on-Canal-Is-Doria-Tillier-Returning-for.jpg","type":"image\/jpeg"}],"author":"Iris Lennox","twitter_card":"summary_large_image","twitter_misc":{"Written by":"Iris Lennox","Est. reading time":"2 minutes"},"schema":{"@context":"https:\/\/schema.org","@graph":[{"@type":"Article","@id":"https:\/\/kawsachunnews.com\/w\/iris-season-2-on-canal-is-doria-tillier-returning-for-more\/#article","isPartOf":{"@id":"https:\/\/kawsachunnews.com\/w\/iris-season-2-on-canal-is-doria-tillier-returning-for-more\/"},"author":{"name":"Iris Lennox","@id":"https:\/\/kawsachunnews.com\/w\/#\/schema\/person\/320320f0951ff2b525aa3fd822593170"},"headline":"Iris Season 2 on Canal+: Is Doria Tillier Returning for More?","datePublished":"2024-12-12T18:23:00+00:00","dateModified":"2024-12-12T18:23:01+00:00","mainEntityOfPage":{"@id":"https:\/\/kawsachunnews.com\/w\/iris-season-2-on-canal-is-doria-tillier-returning-for-more\/"},"wordCount":320,"commentCount":0,"publisher":{"@id":"https:\/\/kawsachunnews.com\/w\/#organization"},"image":{"@id":"https:\/\/kawsachunnews.com\/w\/iris-season-2-on-canal-is-doria-tillier-returning-for-more\/#primaryimage"},"thumbnailUrl":"https:\/\/kawsachunnews.com\/w\/wp-content\/uploads\/2024\/12\/Iris-Season-2-on-Canal-Is-Doria-Tillier-Returning-for.jpg","articleSection":["TV"],"inLanguage":"en-US","potentialAction":[{"@type":"CommentAction","name":"Comment","target":["https:\/\/kawsachunnews.com\/w\/iris-season-2-on-canal-is-doria-tillier-returning-for-more\/#respond"]}]},{"@type":"WebPage","@id":"https:\/\/kawsachunnews.com\/w\/iris-season-2-on-canal-is-doria-tillier-returning-for-more\/","url":"https:\/\/kawsachunnews.com\/w\/iris-season-2-on-canal-is-doria-tillier-returning-for-more\/","name":"Iris Season 2 on Canal+: Is Doria Tillier Returning for More? - Kawsachun News -","isPartOf":{"@id":"https:\/\/kawsachunnews.com\/w\/#website"},"primaryImageOfPage":{"@id":"https:\/\/kawsachunnews.com\/w\/iris-season-2-on-canal-is-doria-tillier-returning-for-more\/#primaryimage"},"image":{"@id":"https:\/\/kawsachunnews.com\/w\/iris-season-2-on-canal-is-doria-tillier-returning-for-more\/#primaryimage"},"thumbnailUrl":"https:\/\/kawsachunnews.com\/w\/wp-content\/uploads\/2024\/12\/Iris-Season-2-on-Canal-Is-Doria-Tillier-Returning-for.jpg","datePublished":"2024-12-12T18:23:00+00:00","dateModified":"2024-12-12T18:23:01+00:00","breadcrumb":{"@id":"https:\/\/kawsachunnews.com\/w\/iris-season-2-on-canal-is-doria-tillier-returning-for-more\/#breadcrumb"},"inLanguage":"en-US","potentialAction":[{"@type":"ReadAction","target":["https:\/\/kawsachunnews.com\/w\/iris-season-2-on-canal-is-doria-tillier-returning-for-more\/"]}]},{"@type":"ImageObject","inLanguage":"en-US","@id":"https:\/\/kawsachunnews.com\/w\/iris-season-2-on-canal-is-doria-tillier-returning-for-more\/#primaryimage","url":"https:\/\/kawsachunnews.com\/w\/wp-content\/uploads\/2024\/12\/Iris-Season-2-on-Canal-Is-Doria-Tillier-Returning-for.jpg","contentUrl":"https:\/\/kawsachunnews.com\/w\/wp-content\/uploads\/2024\/12\/Iris-Season-2-on-Canal-Is-Doria-Tillier-Returning-for.jpg","width":1280,"height":720,"caption":"Iris sur Canal + : une saison 2 est-elle pr\u00e9vue pour la s\u00e9rie de et avec Doria Tillier ?"},{"@type":"BreadcrumbList","@id":"https:\/\/kawsachunnews.com\/w\/iris-season-2-on-canal-is-doria-tillier-returning-for-more\/#breadcrumb","itemListElement":[{"@type":"ListItem","position":1,"name":"Accueil","item":"https:\/\/kawsachunnews.com\/w\/"},{"@type":"ListItem","position":2,"name":"Iris Season 2 on Canal+: Is Doria Tillier Returning for More?"}]},{"@type":"WebSite","@id":"https:\/\/kawsachunnews.com\/w\/#website","url":"https:\/\/kawsachunnews.com\/w\/","name":"Kawsachun News -","description":"","publisher":{"@id":"https:\/\/kawsachunnews.com\/w\/#organization"},"potentialAction":[{"@type":"SearchAction","target":{"@type":"EntryPoint","urlTemplate":"https:\/\/kawsachunnews.com\/w\/?s={search_term_string}"},"query-input":{"@type":"PropertyValueSpecification","valueRequired":true,"valueName":"search_term_string"}}],"inLanguage":"en-US"},{"@type":"Organization","@id":"https:\/\/kawsachunnews.com\/w\/#organization","name":"Kawsachun News -","url":"https:\/\/kawsachunnews.com\/w\/","logo":{"@type":"ImageObject","inLanguage":"en-US","@id":"https:\/\/kawsachunnews.com\/w\/#\/schema\/logo\/image\/","url":"https:\/\/kawsachunnews.com\/w\/wp-content\/uploads\/2024\/09\/kawsachunnews-logo-406-2.jpg","contentUrl":"https:\/\/kawsachunnews.com\/w\/wp-content\/uploads\/2024\/09\/kawsachunnews-logo-406-2.jpg","width":406,"height":72,"caption":"Kawsachun News -"},"image":{"@id":"https:\/\/kawsachunnews.com\/w\/#\/schema\/logo\/image\/"}},{"@type":"Person","@id":"https:\/\/kawsachunnews.com\/w\/#\/schema\/person\/320320f0951ff2b525aa3fd822593170","name":"Iris Lennox","image":{"@type":"ImageObject","inLanguage":"en-US","@id":"https:\/\/kawsachunnews.com\/w\/#\/schema\/person\/image\/","url":"https:\/\/secure.gravatar.com\/avatar\/521a95248ab257bc48d343b1e5caafbd?s=96&d=mm&r=g","contentUrl":"https:\/\/secure.gravatar.com\/avatar\/521a95248ab257bc48d343b1e5caafbd?s=96&d=mm&r=g","caption":"Iris Lennox"},"description":"A passionate journalist, Iris Lennox covers social and cultural news across the U.S.","url":"https:\/\/kawsachunnews.com\/w\/author\/iris-lennox\/"}]}},"_links":{"self":[{"href":"https:\/\/kawsachunnews.com\/w\/wp-json\/wp\/v2\/posts\/1919","targetHints":{"allow":["GET"]}}],"collection":[{"href":"https:\/\/kawsachunnews.com\/w\/wp-json\/wp\/v2\/posts"}],"about":[{"href":"https:\/\/kawsachunnews.com\/w\/wp-json\/wp\/v2\/types\/post"}],"author":[{"embeddable":true,"href":"https:\/\/kawsachunnews.com\/w\/wp-json\/wp\/v2\/users\/17"}],"replies":[{"embeddable":true,"href":"https:\/\/kawsachunnews.com\/w\/wp-json\/wp\/v2\/comments?post=1919"}],"version-history":[{"count":1,"href":"https:\/\/kawsachunnews.com\/w\/wp-json\/wp\/v2\/posts\/1919\/revisions"}],"predecessor-version":[{"id":1921,"href":"https:\/\/kawsachunnews.com\/w\/wp-json\/wp\/v2\/posts\/1919\/revisions\/1921"}],"wp:featuredmedia":[{"embeddable":true,"href":"https:\/\/kawsachunnews.com\/w\/wp-json\/wp\/v2\/media\/1920"}],"wp:attachment":[{"href":"https:\/\/kawsachunnews.com\/w\/wp-json\/wp\/v2\/media?parent=1919"}],"wp:term":[{"taxonomy":"category","embeddable":true,"href":"https:\/\/kawsachunnews.com\/w\/wp-json\/wp\/v2\/categories?post=1919"},{"taxonomy":"post_tag","embeddable":true,"href":"https:\/\/kawsachunnews.com\/w\/wp-json\/wp\/v2\/tags?post=1919"}],"curies":[{"name":"wp","href":"https:\/\/api.w.org\/{rel}","templated":true}]}}