{"id":6244,"date":"2025-08-07T23:12:14","date_gmt":"2025-08-08T03:12:14","guid":{"rendered":"https:\/\/kawsachunnews.com\/w\/shocking-on-set-disaster-philippe-curas-worst-memory-from-camera-cafe-involves-this-tiny-object\/"},"modified":"2025-08-07T23:12:15","modified_gmt":"2025-08-08T03:12:15","slug":"shocking-on-set-disaster-philippe-curas-worst-memory-from-camera-cafe-involves-this-tiny-object","status":"publish","type":"post","link":"https:\/\/kawsachunnews.com\/w\/shocking-on-set-disaster-philippe-curas-worst-memory-from-camera-cafe-involves-this-tiny-object\/","title":{"rendered":"Shocking On-Set Disaster: Philippe Cura\u2019s Worst Memory from Cam\u00e9ra Caf\u00e9 Involves This Tiny Object!"},"content":{"rendered":"<article id=\"article-container\" class=\"article-container\">\n<p class=\"article-lead\">Actors Philippe Cura and Yvan Le Bolloc&#8217;h experienced minor eye injuries during a filming incident on the set of Cam\u00e9ra Caf\u00e9.<\/p>\n<div id=\"article-content\" class=\"article-content\">\n<figure class=\"article-figure article-main-figure\"><figcaption class=\"article-figcaption-copy\">CALT<\/figcaption>\n<\/figure>\n<p class=\"bo-p\">After discussing the challenging behavior of Jean Benguigui on the set of Cam\u00e9ra Caf\u00e9, Philippe Cura took to <span class=\"ACraHRACr0cHM6Ly93d3cudGlrdG9rLmNvbS9AcGhpbGlwcGVjdXJhLmNvbQ== bo-link\" target=\"_blank\" rel=\"noopener\">TikTok<\/span> to reveal that during the same episode, an incident occurred that not only extended the shoot by several hours but also resulted in minor injuries to some actors. On his TikTok, the actor, who portrayed the boss&#8217;s driver, shared:<\/p>\n<p><\/p>\n<h2 class=\"bo-h2\">&#8220;We had to stop filming for over three hours&#8221;<\/h2>\n<p><\/p>\n<p class=\"bo-p\"><i>&#8220;In the sketch &#8216;Les 3 vingt,&#8217; Jean Benguigui plays the sales rep, Yvan Le Bolloc&#8217;h is Jean-Claude Convenant, and I&#8217;m Andr\u00e9, obviously. In the sketch, Jean-Claude asks the rep for a light for his cigarette.&#8221;<\/i><\/p>\n<p><\/p>\n<p class=\"bo-p\">However, the character played by Jean Benguigui mistakenly pulls out a small can of pepper spray instead of a lighter and accidentally sprays J-C and Andr\u00e9 in the eyes. Behind the scenes, it turned out that the props assistant had forgotten or neglected to empty the canister.<\/p>\n<p><\/p>\n<div class=\"js-async-embed\" data-type=\"tk-embed\">\n<blockquote class=\"tiktok-embed\" cite=\"https:\/\/www.tiktok.com\/@philippecura\/video\/7533697632091278614\" data-video-id=\"7533697632091278614\" style=\"max-width: 605px;min-width: 325px;\">\n<section> @philippecura #cam\u00e9racaf\u00e9 #philippecura #humour #philippecura \u266c son original &#8211; Philippe Cura <\/section>\n<\/blockquote><\/div>\n<p><\/p>\n<p class=\"bo-p\"><i>&#8220;This means that Yvan Le Bolloc&#8217;h and I got the full blast of the pepper spray right in our faces, especially in the eyes! We had to stop filming for three hours, even more than three hours. I swear Yvan looked like a frog; I was okay, just crying with red eyes. And if you watch the sketch, you&#8217;ll see at the end I have two white pads over my eyes, and it&#8217;s definitely not for laughs!&#8221;<\/i><\/p>\n<p><\/p>\n<h2 class=\"bo-h2\">Watch the sketch again<\/h2>\n<p><\/p>\n<p class=\"bo-p\">In the final edited version, there&#8217;s no mention of lighting a cigarette but rather the character Andr\u00e9 asking to examine the can:<\/p>\n<p><\/p>\n<div class=\"js-async-embed\" data-type=\"tk-embed\">\n<blockquote class=\"tiktok-embed\" cite=\"https:\/\/www.tiktok.com\/@cameracafe_fr\/video\/7513527911488490774\" data-video-id=\"7513527911488490774\" style=\"max-width: 605px;min-width: 325px;\">\n<section> @cameracafe_fr Cam\u00e9ra Caf\u00e9 \u2022 S1SP2 Les 3&#215;20 #CameraCafe #YvanLeBolloch #PhilippeCura @Philippe Cura #JeanBenguigui #M6 #comedie #pourtoi \u266c son original  &#8211; Cam\u00e9ra Caf\u00e9 FR  <\/section>\n<\/blockquote><\/div>\n<p><\/p>\n<p class=\"bo-p\">Cam\u00e9ra Caf\u00e9 has a total of 569 episodes across seven seasons, two special episodes, two feature films: Espace d\u00e9tente (2005) directed by Bruno Solo and Yvan Le Bolloc&#8217;h, and Le S\u00e9minaire (2009) directed by Charles Nemes, as well as six comic book volumes, an album (<span class=\"ACraHRACr0cHM6Ly93d3cuZWJheS5mci9pdG0vMjg2NjcxNTcwNjc1 bo-link\" target=\"_blank\" rel=\"noopener\">yes<\/span>), and a book (<i>Cam\u00e9ra Caf\u00e9: The Guide to Happiness at Work<\/i>).<\/p>\n<\/div>\n<\/article>\n<p><script async src=\"\/\/www.tiktok.com\/embed.js\"><\/script><\/p>\n\n\n<div class=\"kk-star-ratings kksr-auto kksr-align-left kksr-valign-bottom\"\n    data-payload='{&quot;align&quot;:&quot;left&quot;,&quot;id&quot;:&quot;6244&quot;,&quot;slug&quot;:&quot;default&quot;,&quot;valign&quot;:&quot;bottom&quot;,&quot;ignore&quot;:&quot;&quot;,&quot;reference&quot;:&quot;auto&quot;,&quot;class&quot;:&quot;&quot;,&quot;count&quot;:&quot;0&quot;,&quot;legendonly&quot;:&quot;&quot;,&quot;readonly&quot;:&quot;&quot;,&quot;score&quot;:&quot;0&quot;,&quot;starsonly&quot;:&quot;&quot;,&quot;best&quot;:&quot;5&quot;,&quot;gap&quot;:&quot;5&quot;,&quot;greet&quot;:&quot;Rate this post&quot;,&quot;legend&quot;:&quot;0\\\/5 - (0 votes)&quot;,&quot;size&quot;:&quot;22&quot;,&quot;title&quot;:&quot;Shocking On-Set Disaster: Philippe Cura\u2019s Worst Memory from Cam\u00e9ra Caf\u00e9 Involves This Tiny Object!&quot;,&quot;width&quot;:&quot;0&quot;,&quot;_legend&quot;:&quot;{score}\\\/{best} - ({count} {votes})&quot;,&quot;font_factor&quot;:&quot;1.25&quot;}'>\n            \n<div class=\"kksr-stars\">\n    \n<div class=\"kksr-stars-inactive\">\n            <div class=\"kksr-star\" data-star=\"1\" style=\"padding-right: 5px\">\n            \n\n<div class=\"kksr-icon\" style=\"width: 22px; height: 22px;\"><\/div>\n        <\/div>\n            <div class=\"kksr-star\" data-star=\"2\" style=\"padding-right: 5px\">\n            \n\n<div class=\"kksr-icon\" style=\"width: 22px; height: 22px;\"><\/div>\n        <\/div>\n            <div class=\"kksr-star\" data-star=\"3\" style=\"padding-right: 5px\">\n            \n\n<div class=\"kksr-icon\" style=\"width: 22px; height: 22px;\"><\/div>\n        <\/div>\n            <div class=\"kksr-star\" data-star=\"4\" style=\"padding-right: 5px\">\n            \n\n<div class=\"kksr-icon\" style=\"width: 22px; height: 22px;\"><\/div>\n        <\/div>\n            <div class=\"kksr-star\" data-star=\"5\" style=\"padding-right: 5px\">\n            \n\n<div class=\"kksr-icon\" style=\"width: 22px; height: 22px;\"><\/div>\n        <\/div>\n    <\/div>\n    \n<div class=\"kksr-stars-active\" style=\"width: 0px;\">\n            <div class=\"kksr-star\" style=\"padding-right: 5px\">\n            \n\n<div class=\"kksr-icon\" style=\"width: 22px; height: 22px;\"><\/div>\n        <\/div>\n            <div class=\"kksr-star\" style=\"padding-right: 5px\">\n            \n\n<div class=\"kksr-icon\" style=\"width: 22px; height: 22px;\"><\/div>\n        <\/div>\n            <div class=\"kksr-star\" style=\"padding-right: 5px\">\n            \n\n<div class=\"kksr-icon\" style=\"width: 22px; height: 22px;\"><\/div>\n        <\/div>\n            <div class=\"kksr-star\" style=\"padding-right: 5px\">\n            \n\n<div class=\"kksr-icon\" style=\"width: 22px; height: 22px;\"><\/div>\n        <\/div>\n            <div class=\"kksr-star\" style=\"padding-right: 5px\">\n            \n\n<div class=\"kksr-icon\" style=\"width: 22px; height: 22px;\"><\/div>\n        <\/div>\n    <\/div>\n<\/div>\n                \n\n<div class=\"kksr-legend\" style=\"font-size: 17.6px;\">\n            <span class=\"kksr-muted\">Rate this post<\/span>\n    <\/div>\n    <\/div>\n","protected":false},"excerpt":{"rendered":"<p>Actors Philippe Cura and Yvan Le Bolloc&#8217;h experienced minor eye injuries during a filming incident on the set of Cam\u00e9ra Caf\u00e9. CALT After discussing the challenging &#8230; <a title=\"Shocking On-Set Disaster: Philippe Cura\u2019s Worst Memory from Cam\u00e9ra Caf\u00e9 Involves This Tiny Object!\" class=\"read-more\" href=\"https:\/\/kawsachunnews.com\/w\/shocking-on-set-disaster-philippe-curas-worst-memory-from-camera-cafe-involves-this-tiny-object\/\" aria-label=\"Read more about Shocking On-Set Disaster: Philippe Cura\u2019s Worst Memory from Cam\u00e9ra Caf\u00e9 Involves This Tiny Object!\">Continue Reading &rarr;<\/a><\/p>\n","protected":false},"author":17,"featured_media":6245,"comment_status":"open","ping_status":"open","sticky":false,"template":"","format":"standard","meta":{"footnotes":""},"categories":[14],"tags":[],"class_list":["post-6244","post","type-post","status-publish","format-standard","has-post-thumbnail","hentry","category-tv"],"yoast_head":"<!-- This site is optimized with the Yoast SEO plugin v26.8 - https:\/\/yoast.com\/product\/yoast-seo-wordpress\/ -->\n<title>Shocking On-Set Disaster: Philippe Cura\u2019s Worst Memory from Cam\u00e9ra Caf\u00e9 Involves This Tiny Object! - Kawsachun News -<\/title>\n<meta name=\"robots\" content=\"index, follow, max-snippet:-1, max-image-preview:large, max-video-preview:-1\" \/>\n<link rel=\"canonical\" href=\"https:\/\/kawsachunnews.com\/w\/shocking-on-set-disaster-philippe-curas-worst-memory-from-camera-cafe-involves-this-tiny-object\/\" \/>\n<meta property=\"og:locale\" content=\"en_US\" \/>\n<meta property=\"og:type\" content=\"article\" \/>\n<meta property=\"og:title\" content=\"Shocking On-Set Disaster: Philippe Cura\u2019s Worst Memory from Cam\u00e9ra Caf\u00e9 Involves This Tiny Object! - Kawsachun News -\" \/>\n<meta property=\"og:description\" content=\"Actors Philippe Cura and Yvan Le Bolloc&#8217;h experienced minor eye injuries during a filming incident on the set of Cam\u00e9ra Caf\u00e9. CALT After discussing the challenging ... Continue Reading &rarr;\" \/>\n<meta property=\"og:url\" content=\"https:\/\/kawsachunnews.com\/w\/shocking-on-set-disaster-philippe-curas-worst-memory-from-camera-cafe-involves-this-tiny-object\/\" \/>\n<meta property=\"og:site_name\" content=\"Kawsachun News -\" \/>\n<meta property=\"article:published_time\" content=\"2025-08-08T03:12:14+00:00\" \/>\n<meta property=\"article:modified_time\" content=\"2025-08-08T03:12:15+00:00\" \/>\n<meta property=\"og:image\" content=\"https:\/\/kawsachunnews.com\/w\/wp-content\/uploads\/2025\/08\/Shocking-On-Set-Disaster-Philippe-Curas-Worst-Memory-from-Camera-Cafe.jpg\" \/>\n\t<meta property=\"og:image:width\" content=\"1280\" \/>\n\t<meta property=\"og:image:height\" content=\"720\" \/>\n\t<meta property=\"og:image:type\" content=\"image\/jpeg\" \/>\n<meta name=\"author\" content=\"Iris Lennox\" \/>\n<meta name=\"twitter:card\" content=\"summary_large_image\" \/>\n<meta name=\"twitter:label1\" content=\"Written by\" \/>\n\t<meta name=\"twitter:data1\" content=\"Iris Lennox\" \/>\n\t<meta name=\"twitter:label2\" content=\"Est. reading time\" \/>\n\t<meta name=\"twitter:data2\" content=\"2 minutes\" \/>\n<script type=\"application\/ld+json\" class=\"yoast-schema-graph\">{\"@context\":\"https:\/\/schema.org\",\"@graph\":[{\"@type\":\"Article\",\"@id\":\"https:\/\/kawsachunnews.com\/w\/shocking-on-set-disaster-philippe-curas-worst-memory-from-camera-cafe-involves-this-tiny-object\/#article\",\"isPartOf\":{\"@id\":\"https:\/\/kawsachunnews.com\/w\/shocking-on-set-disaster-philippe-curas-worst-memory-from-camera-cafe-involves-this-tiny-object\/\"},\"author\":{\"name\":\"Iris Lennox\",\"@id\":\"https:\/\/kawsachunnews.com\/w\/#\/schema\/person\/320320f0951ff2b525aa3fd822593170\"},\"headline\":\"Shocking On-Set Disaster: Philippe Cura\u2019s Worst Memory from Cam\u00e9ra Caf\u00e9 Involves This Tiny Object!\",\"datePublished\":\"2025-08-08T03:12:14+00:00\",\"dateModified\":\"2025-08-08T03:12:15+00:00\",\"mainEntityOfPage\":{\"@id\":\"https:\/\/kawsachunnews.com\/w\/shocking-on-set-disaster-philippe-curas-worst-memory-from-camera-cafe-involves-this-tiny-object\/\"},\"wordCount\":394,\"commentCount\":0,\"publisher\":{\"@id\":\"https:\/\/kawsachunnews.com\/w\/#organization\"},\"image\":{\"@id\":\"https:\/\/kawsachunnews.com\/w\/shocking-on-set-disaster-philippe-curas-worst-memory-from-camera-cafe-involves-this-tiny-object\/#primaryimage\"},\"thumbnailUrl\":\"https:\/\/kawsachunnews.com\/w\/wp-content\/uploads\/2025\/08\/Shocking-On-Set-Disaster-Philippe-Curas-Worst-Memory-from-Camera-Cafe.jpg\",\"articleSection\":[\"TV\"],\"inLanguage\":\"en-US\",\"potentialAction\":[{\"@type\":\"CommentAction\",\"name\":\"Comment\",\"target\":[\"https:\/\/kawsachunnews.com\/w\/shocking-on-set-disaster-philippe-curas-worst-memory-from-camera-cafe-involves-this-tiny-object\/#respond\"]}]},{\"@type\":\"WebPage\",\"@id\":\"https:\/\/kawsachunnews.com\/w\/shocking-on-set-disaster-philippe-curas-worst-memory-from-camera-cafe-involves-this-tiny-object\/\",\"url\":\"https:\/\/kawsachunnews.com\/w\/shocking-on-set-disaster-philippe-curas-worst-memory-from-camera-cafe-involves-this-tiny-object\/\",\"name\":\"Shocking On-Set Disaster: Philippe Cura\u2019s Worst Memory from Cam\u00e9ra Caf\u00e9 Involves This Tiny Object! - Kawsachun News -\",\"isPartOf\":{\"@id\":\"https:\/\/kawsachunnews.com\/w\/#website\"},\"primaryImageOfPage\":{\"@id\":\"https:\/\/kawsachunnews.com\/w\/shocking-on-set-disaster-philippe-curas-worst-memory-from-camera-cafe-involves-this-tiny-object\/#primaryimage\"},\"image\":{\"@id\":\"https:\/\/kawsachunnews.com\/w\/shocking-on-set-disaster-philippe-curas-worst-memory-from-camera-cafe-involves-this-tiny-object\/#primaryimage\"},\"thumbnailUrl\":\"https:\/\/kawsachunnews.com\/w\/wp-content\/uploads\/2025\/08\/Shocking-On-Set-Disaster-Philippe-Curas-Worst-Memory-from-Camera-Cafe.jpg\",\"datePublished\":\"2025-08-08T03:12:14+00:00\",\"dateModified\":\"2025-08-08T03:12:15+00:00\",\"breadcrumb\":{\"@id\":\"https:\/\/kawsachunnews.com\/w\/shocking-on-set-disaster-philippe-curas-worst-memory-from-camera-cafe-involves-this-tiny-object\/#breadcrumb\"},\"inLanguage\":\"en-US\",\"potentialAction\":[{\"@type\":\"ReadAction\",\"target\":[\"https:\/\/kawsachunnews.com\/w\/shocking-on-set-disaster-philippe-curas-worst-memory-from-camera-cafe-involves-this-tiny-object\/\"]}]},{\"@type\":\"ImageObject\",\"inLanguage\":\"en-US\",\"@id\":\"https:\/\/kawsachunnews.com\/w\/shocking-on-set-disaster-philippe-curas-worst-memory-from-camera-cafe-involves-this-tiny-object\/#primaryimage\",\"url\":\"https:\/\/kawsachunnews.com\/w\/wp-content\/uploads\/2025\/08\/Shocking-On-Set-Disaster-Philippe-Curas-Worst-Memory-from-Camera-Cafe.jpg\",\"contentUrl\":\"https:\/\/kawsachunnews.com\/w\/wp-content\/uploads\/2025\/08\/Shocking-On-Set-Disaster-Philippe-Curas-Worst-Memory-from-Camera-Cafe.jpg\",\"width\":1280,\"height\":720,\"caption\":\"\\\"On a d\u00fb arr\u00eater le tournage pendant trois heures\\\" : cet \u00e9pisode de Cam\u00e9ra Caf\u00e9 reste le pire souvenir de Philippe Cura \u00e0 cause de ce petit objet\"},{\"@type\":\"BreadcrumbList\",\"@id\":\"https:\/\/kawsachunnews.com\/w\/shocking-on-set-disaster-philippe-curas-worst-memory-from-camera-cafe-involves-this-tiny-object\/#breadcrumb\",\"itemListElement\":[{\"@type\":\"ListItem\",\"position\":1,\"name\":\"Accueil\",\"item\":\"https:\/\/kawsachunnews.com\/w\/\"},{\"@type\":\"ListItem\",\"position\":2,\"name\":\"Shocking On-Set Disaster: Philippe Cura\u2019s Worst Memory from Cam\u00e9ra Caf\u00e9 Involves This Tiny Object!\"}]},{\"@type\":\"WebSite\",\"@id\":\"https:\/\/kawsachunnews.com\/w\/#website\",\"url\":\"https:\/\/kawsachunnews.com\/w\/\",\"name\":\"Kawsachun News -\",\"description\":\"\",\"publisher\":{\"@id\":\"https:\/\/kawsachunnews.com\/w\/#organization\"},\"potentialAction\":[{\"@type\":\"SearchAction\",\"target\":{\"@type\":\"EntryPoint\",\"urlTemplate\":\"https:\/\/kawsachunnews.com\/w\/?s={search_term_string}\"},\"query-input\":{\"@type\":\"PropertyValueSpecification\",\"valueRequired\":true,\"valueName\":\"search_term_string\"}}],\"inLanguage\":\"en-US\"},{\"@type\":\"Organization\",\"@id\":\"https:\/\/kawsachunnews.com\/w\/#organization\",\"name\":\"Kawsachun News -\",\"url\":\"https:\/\/kawsachunnews.com\/w\/\",\"logo\":{\"@type\":\"ImageObject\",\"inLanguage\":\"en-US\",\"@id\":\"https:\/\/kawsachunnews.com\/w\/#\/schema\/logo\/image\/\",\"url\":\"https:\/\/kawsachunnews.com\/w\/wp-content\/uploads\/2024\/09\/kawsachunnews-logo-406-2.jpg\",\"contentUrl\":\"https:\/\/kawsachunnews.com\/w\/wp-content\/uploads\/2024\/09\/kawsachunnews-logo-406-2.jpg\",\"width\":406,\"height\":72,\"caption\":\"Kawsachun News -\"},\"image\":{\"@id\":\"https:\/\/kawsachunnews.com\/w\/#\/schema\/logo\/image\/\"}},{\"@type\":\"Person\",\"@id\":\"https:\/\/kawsachunnews.com\/w\/#\/schema\/person\/320320f0951ff2b525aa3fd822593170\",\"name\":\"Iris Lennox\",\"image\":{\"@type\":\"ImageObject\",\"inLanguage\":\"en-US\",\"@id\":\"https:\/\/kawsachunnews.com\/w\/#\/schema\/person\/image\/\",\"url\":\"https:\/\/secure.gravatar.com\/avatar\/521a95248ab257bc48d343b1e5caafbd?s=96&d=mm&r=g\",\"contentUrl\":\"https:\/\/secure.gravatar.com\/avatar\/521a95248ab257bc48d343b1e5caafbd?s=96&d=mm&r=g\",\"caption\":\"Iris Lennox\"},\"description\":\"A passionate journalist, Iris Lennox covers social and cultural news across the U.S.\",\"url\":\"https:\/\/kawsachunnews.com\/w\/author\/iris-lennox\/\"}]}<\/script>\n<!-- \/ Yoast SEO plugin. -->","yoast_head_json":{"title":"Shocking On-Set Disaster: Philippe Cura\u2019s Worst Memory from Cam\u00e9ra Caf\u00e9 Involves This Tiny Object! - Kawsachun News -","robots":{"index":"index","follow":"follow","max-snippet":"max-snippet:-1","max-image-preview":"max-image-preview:large","max-video-preview":"max-video-preview:-1"},"canonical":"https:\/\/kawsachunnews.com\/w\/shocking-on-set-disaster-philippe-curas-worst-memory-from-camera-cafe-involves-this-tiny-object\/","og_locale":"en_US","og_type":"article","og_title":"Shocking On-Set Disaster: Philippe Cura\u2019s Worst Memory from Cam\u00e9ra Caf\u00e9 Involves This Tiny Object! - Kawsachun News -","og_description":"Actors Philippe Cura and Yvan Le Bolloc&#8217;h experienced minor eye injuries during a filming incident on the set of Cam\u00e9ra Caf\u00e9. CALT After discussing the challenging ... Continue Reading &rarr;","og_url":"https:\/\/kawsachunnews.com\/w\/shocking-on-set-disaster-philippe-curas-worst-memory-from-camera-cafe-involves-this-tiny-object\/","og_site_name":"Kawsachun News -","article_published_time":"2025-08-08T03:12:14+00:00","article_modified_time":"2025-08-08T03:12:15+00:00","og_image":[{"width":1280,"height":720,"url":"https:\/\/kawsachunnews.com\/w\/wp-content\/uploads\/2025\/08\/Shocking-On-Set-Disaster-Philippe-Curas-Worst-Memory-from-Camera-Cafe.jpg","type":"image\/jpeg"}],"author":"Iris Lennox","twitter_card":"summary_large_image","twitter_misc":{"Written by":"Iris Lennox","Est. reading time":"2 minutes"},"schema":{"@context":"https:\/\/schema.org","@graph":[{"@type":"Article","@id":"https:\/\/kawsachunnews.com\/w\/shocking-on-set-disaster-philippe-curas-worst-memory-from-camera-cafe-involves-this-tiny-object\/#article","isPartOf":{"@id":"https:\/\/kawsachunnews.com\/w\/shocking-on-set-disaster-philippe-curas-worst-memory-from-camera-cafe-involves-this-tiny-object\/"},"author":{"name":"Iris Lennox","@id":"https:\/\/kawsachunnews.com\/w\/#\/schema\/person\/320320f0951ff2b525aa3fd822593170"},"headline":"Shocking On-Set Disaster: Philippe Cura\u2019s Worst Memory from Cam\u00e9ra Caf\u00e9 Involves This Tiny Object!","datePublished":"2025-08-08T03:12:14+00:00","dateModified":"2025-08-08T03:12:15+00:00","mainEntityOfPage":{"@id":"https:\/\/kawsachunnews.com\/w\/shocking-on-set-disaster-philippe-curas-worst-memory-from-camera-cafe-involves-this-tiny-object\/"},"wordCount":394,"commentCount":0,"publisher":{"@id":"https:\/\/kawsachunnews.com\/w\/#organization"},"image":{"@id":"https:\/\/kawsachunnews.com\/w\/shocking-on-set-disaster-philippe-curas-worst-memory-from-camera-cafe-involves-this-tiny-object\/#primaryimage"},"thumbnailUrl":"https:\/\/kawsachunnews.com\/w\/wp-content\/uploads\/2025\/08\/Shocking-On-Set-Disaster-Philippe-Curas-Worst-Memory-from-Camera-Cafe.jpg","articleSection":["TV"],"inLanguage":"en-US","potentialAction":[{"@type":"CommentAction","name":"Comment","target":["https:\/\/kawsachunnews.com\/w\/shocking-on-set-disaster-philippe-curas-worst-memory-from-camera-cafe-involves-this-tiny-object\/#respond"]}]},{"@type":"WebPage","@id":"https:\/\/kawsachunnews.com\/w\/shocking-on-set-disaster-philippe-curas-worst-memory-from-camera-cafe-involves-this-tiny-object\/","url":"https:\/\/kawsachunnews.com\/w\/shocking-on-set-disaster-philippe-curas-worst-memory-from-camera-cafe-involves-this-tiny-object\/","name":"Shocking On-Set Disaster: Philippe Cura\u2019s Worst Memory from Cam\u00e9ra Caf\u00e9 Involves This Tiny Object! - Kawsachun News -","isPartOf":{"@id":"https:\/\/kawsachunnews.com\/w\/#website"},"primaryImageOfPage":{"@id":"https:\/\/kawsachunnews.com\/w\/shocking-on-set-disaster-philippe-curas-worst-memory-from-camera-cafe-involves-this-tiny-object\/#primaryimage"},"image":{"@id":"https:\/\/kawsachunnews.com\/w\/shocking-on-set-disaster-philippe-curas-worst-memory-from-camera-cafe-involves-this-tiny-object\/#primaryimage"},"thumbnailUrl":"https:\/\/kawsachunnews.com\/w\/wp-content\/uploads\/2025\/08\/Shocking-On-Set-Disaster-Philippe-Curas-Worst-Memory-from-Camera-Cafe.jpg","datePublished":"2025-08-08T03:12:14+00:00","dateModified":"2025-08-08T03:12:15+00:00","breadcrumb":{"@id":"https:\/\/kawsachunnews.com\/w\/shocking-on-set-disaster-philippe-curas-worst-memory-from-camera-cafe-involves-this-tiny-object\/#breadcrumb"},"inLanguage":"en-US","potentialAction":[{"@type":"ReadAction","target":["https:\/\/kawsachunnews.com\/w\/shocking-on-set-disaster-philippe-curas-worst-memory-from-camera-cafe-involves-this-tiny-object\/"]}]},{"@type":"ImageObject","inLanguage":"en-US","@id":"https:\/\/kawsachunnews.com\/w\/shocking-on-set-disaster-philippe-curas-worst-memory-from-camera-cafe-involves-this-tiny-object\/#primaryimage","url":"https:\/\/kawsachunnews.com\/w\/wp-content\/uploads\/2025\/08\/Shocking-On-Set-Disaster-Philippe-Curas-Worst-Memory-from-Camera-Cafe.jpg","contentUrl":"https:\/\/kawsachunnews.com\/w\/wp-content\/uploads\/2025\/08\/Shocking-On-Set-Disaster-Philippe-Curas-Worst-Memory-from-Camera-Cafe.jpg","width":1280,"height":720,"caption":"\"On a d\u00fb arr\u00eater le tournage pendant trois heures\" : cet \u00e9pisode de Cam\u00e9ra Caf\u00e9 reste le pire souvenir de Philippe Cura \u00e0 cause de ce petit objet"},{"@type":"BreadcrumbList","@id":"https:\/\/kawsachunnews.com\/w\/shocking-on-set-disaster-philippe-curas-worst-memory-from-camera-cafe-involves-this-tiny-object\/#breadcrumb","itemListElement":[{"@type":"ListItem","position":1,"name":"Accueil","item":"https:\/\/kawsachunnews.com\/w\/"},{"@type":"ListItem","position":2,"name":"Shocking On-Set Disaster: Philippe Cura\u2019s Worst Memory from Cam\u00e9ra Caf\u00e9 Involves This Tiny Object!"}]},{"@type":"WebSite","@id":"https:\/\/kawsachunnews.com\/w\/#website","url":"https:\/\/kawsachunnews.com\/w\/","name":"Kawsachun News -","description":"","publisher":{"@id":"https:\/\/kawsachunnews.com\/w\/#organization"},"potentialAction":[{"@type":"SearchAction","target":{"@type":"EntryPoint","urlTemplate":"https:\/\/kawsachunnews.com\/w\/?s={search_term_string}"},"query-input":{"@type":"PropertyValueSpecification","valueRequired":true,"valueName":"search_term_string"}}],"inLanguage":"en-US"},{"@type":"Organization","@id":"https:\/\/kawsachunnews.com\/w\/#organization","name":"Kawsachun News -","url":"https:\/\/kawsachunnews.com\/w\/","logo":{"@type":"ImageObject","inLanguage":"en-US","@id":"https:\/\/kawsachunnews.com\/w\/#\/schema\/logo\/image\/","url":"https:\/\/kawsachunnews.com\/w\/wp-content\/uploads\/2024\/09\/kawsachunnews-logo-406-2.jpg","contentUrl":"https:\/\/kawsachunnews.com\/w\/wp-content\/uploads\/2024\/09\/kawsachunnews-logo-406-2.jpg","width":406,"height":72,"caption":"Kawsachun News -"},"image":{"@id":"https:\/\/kawsachunnews.com\/w\/#\/schema\/logo\/image\/"}},{"@type":"Person","@id":"https:\/\/kawsachunnews.com\/w\/#\/schema\/person\/320320f0951ff2b525aa3fd822593170","name":"Iris Lennox","image":{"@type":"ImageObject","inLanguage":"en-US","@id":"https:\/\/kawsachunnews.com\/w\/#\/schema\/person\/image\/","url":"https:\/\/secure.gravatar.com\/avatar\/521a95248ab257bc48d343b1e5caafbd?s=96&d=mm&r=g","contentUrl":"https:\/\/secure.gravatar.com\/avatar\/521a95248ab257bc48d343b1e5caafbd?s=96&d=mm&r=g","caption":"Iris Lennox"},"description":"A passionate journalist, Iris Lennox covers social and cultural news across the U.S.","url":"https:\/\/kawsachunnews.com\/w\/author\/iris-lennox\/"}]}},"_links":{"self":[{"href":"https:\/\/kawsachunnews.com\/w\/wp-json\/wp\/v2\/posts\/6244","targetHints":{"allow":["GET"]}}],"collection":[{"href":"https:\/\/kawsachunnews.com\/w\/wp-json\/wp\/v2\/posts"}],"about":[{"href":"https:\/\/kawsachunnews.com\/w\/wp-json\/wp\/v2\/types\/post"}],"author":[{"embeddable":true,"href":"https:\/\/kawsachunnews.com\/w\/wp-json\/wp\/v2\/users\/17"}],"replies":[{"embeddable":true,"href":"https:\/\/kawsachunnews.com\/w\/wp-json\/wp\/v2\/comments?post=6244"}],"version-history":[{"count":1,"href":"https:\/\/kawsachunnews.com\/w\/wp-json\/wp\/v2\/posts\/6244\/revisions"}],"predecessor-version":[{"id":6246,"href":"https:\/\/kawsachunnews.com\/w\/wp-json\/wp\/v2\/posts\/6244\/revisions\/6246"}],"wp:featuredmedia":[{"embeddable":true,"href":"https:\/\/kawsachunnews.com\/w\/wp-json\/wp\/v2\/media\/6245"}],"wp:attachment":[{"href":"https:\/\/kawsachunnews.com\/w\/wp-json\/wp\/v2\/media?parent=6244"}],"wp:term":[{"taxonomy":"category","embeddable":true,"href":"https:\/\/kawsachunnews.com\/w\/wp-json\/wp\/v2\/categories?post=6244"},{"taxonomy":"post_tag","embeddable":true,"href":"https:\/\/kawsachunnews.com\/w\/wp-json\/wp\/v2\/tags?post=6244"}],"curies":[{"name":"wp","href":"https:\/\/api.w.org\/{rel}","templated":true}]}}