{"id":6672,"date":"2025-09-04T01:00:36","date_gmt":"2025-09-04T05:00:36","guid":{"rendered":"https:\/\/kawsachunnews.com\/w\/unexpected-summer-buzz-kad-merad-stars-as-pope-in-expanding-cinema-hit\/"},"modified":"2025-09-04T01:00:37","modified_gmt":"2025-09-04T05:00:37","slug":"unexpected-summer-buzz-kad-merad-stars-as-pope-in-expanding-cinema-hit","status":"publish","type":"post","link":"https:\/\/kawsachunnews.com\/w\/unexpected-summer-buzz-kad-merad-stars-as-pope-in-expanding-cinema-hit\/","title":{"rendered":"Unexpected Summer Buzz: Kad Merad Stars as Pope in Expanding Cinema Hit!"},"content":{"rendered":"<article id=\"article-container\" class=\"article-container\"><\/p>\n<p class=\"article-lead\">Released in only a handful of theaters in the middle of August, the movie &#8220;Papamobile,&#8221; starring Kad Merad, has unexpectedly generated significant buzz. Last night, its director discussed this phenomenon on the show &#8220;Quotidien.&#8221;<\/p>\n<div id=\"article-content\" class=\"article-content\"><\/p>\n<p class=\"bo-p\">The film debuted quietly on August 13th&#8230; and then was suddenly caught in a wave of unexpected buzz! Titled &#8220;Papamobile,&#8221; it quickly caught the media&#8217;s eye due to its near invisibility. This feature film, directed by Sylvain Estibal and starring Kad Merad, was originally shown in just 7 theaters across France, with none in the Paris region at the time of release. This led to a media frenzy during the summer, amid discussions among the film\u2019s producer, director, and distributor about why the release was almost secretive.<\/p>\n<p class=\"bo-p\">For its season premiere, the show <span class=\"ACraHRACr0cHM6Ly93d3cudGYxLmZyL3RtYy9xdW90aWRpZW4tYXZlYy15YW5uLWJhcnRoZXM= bo-link\" target=\"_blank\" rel=\"noopener\">Quotidien<\/span> managed to get the director of &#8220;Papamobile&#8221; to speak about this curiosity. Until then, he had declined interview requests, except for a press release shared by the X Destination Cin\u00e9 account.<\/p>\n<p class=\"bo-p\">On the set of Quotidien (<span class=\"ACraHRACr0cHM6Ly93d3cudGYxLmZyL3RtYy9xdW90aWRpZW4tYXZlYy15YW5uLWJhcnRoZXMvdmlkZW9zL2ludml0ZS1zeWx2YWluLWVzdGliYWwtZmFjZS1hdS1idXp6LWluYXR0ZW5kdS1kZS1wYXBhbW9iaWxlLTU0MTI0NzQyLmh0bWw= bo-link\" target=\"_blank\" rel=\"noopener\">see the full interview here<\/span>), he commented on the buzz which has ultimately been beneficial for the film, as more theaters are now eager to show it.<\/p>\n<p><\/p>\n<blockquote class=\"article-quote\" data-author=\"\" data-source=\"\"><p>This film is somewhat of an oddity, I admit.<\/p><\/blockquote>\n<p><\/p>\n<p class=\"bo-p\">&#8220;<i>We knew we were making a comedy that would either be a hit or miss. We were aware from the start, so I&#8217;m not really surprised. There&#8217;s a curiosity. But I think the film deserves attention because it&#8217;s completely different. Kad Merad was incredible, as was Myriam Teka\u00efa. (&#8230;) There are elements not typically found in a comedy. It&#8217;s a bit of an oddity, I admit, but that&#8217;s how we made it. And our constraints pushed us even more in that direction.<\/i>&#8220;<\/p>\n<p><\/p>\n<p class=\"bo-p\">The number of theaters showing &#8220;Papamobile&#8221; has increased from 9 in the first week to 34 in the upcoming week. According to our data, the evolution of theater counts was as follows: 9 \/ 10 \/ 21 \/ 34 theaters. The count has more than tripled since its release.<\/p>\n<p><\/p>\n<blockquote class=\"article-quote\" data-author=\"\" data-source=\"\"><p>There are people coming to see it dressed as popes, as bishops&#8230;<\/p><\/blockquote>\n<p><\/p>\n<p class=\"bo-p\">&#8220;<i>Yes, there&#8217;s curiosity, and I thank all the theater operators who are asking for it because it&#8217;s wonderful. There are people coming to see it dressed as popes, as bishops&#8230; Incredible things are happening! Someone wrote to us saying they traveled 500 km to see the film. So there are some strange things happening. People discuss it after leaving the theater, some saying it isn&#8217;t good, others who love it, it&#8217;s very divided!<\/i>&#8220;<\/p>\n<p><\/p>\n<h2 class=\"bo-h2\">A Cult Film in the Making?<\/h2>\n<p><\/p>\n<p class=\"bo-p\">The host of Quotidien, Yann Barth\u00e8s, asks if it might be a cult film: &#8220;<i>We&#8217;ll see. It&#8217;s not for me to say. But maybe it has the ingredients to become one since it was so heavily criticized, ultimately sparking curiosity.<\/i>&#8220;<\/p>\n<p><\/p>\n<p class=\"bo-p\">He added, jokingly: &#8220;<i>I&#8217;m thinking of making a Papamobile 2, given the success of the first!<\/i>&#8220;.<\/p>\n<p><\/p>\n<p class=\"bo-p\">Here&#8217;s the official synopsis of the film: On the last day of a historic trip to Mexico, the pope is kidnapped by a drug cartel. The Holy Father uncovers the mystic personality of the cartel&#8217;s leader and her gang&#8217;s various activities. But soon, the formidable criminal discovers she has abducted an impostor&#8230;<\/p>\n<p><\/p>\n<p class=\"bo-p\">It should be noted that the film is expected to be available on OCS in a few months, and on Amazon Prime in 2026.<\/p>\n<p>\n    <\/div>\n<p>\n<\/article>\n<p><script async src=\"https:\/\/platform.twitter.com\/widgets.js\" charset=\"utf-8\"><\/script><\/p>\n\n\n<div class=\"kk-star-ratings kksr-auto kksr-align-left kksr-valign-bottom\"\n    data-payload='{&quot;align&quot;:&quot;left&quot;,&quot;id&quot;:&quot;6672&quot;,&quot;slug&quot;:&quot;default&quot;,&quot;valign&quot;:&quot;bottom&quot;,&quot;ignore&quot;:&quot;&quot;,&quot;reference&quot;:&quot;auto&quot;,&quot;class&quot;:&quot;&quot;,&quot;count&quot;:&quot;0&quot;,&quot;legendonly&quot;:&quot;&quot;,&quot;readonly&quot;:&quot;&quot;,&quot;score&quot;:&quot;0&quot;,&quot;starsonly&quot;:&quot;&quot;,&quot;best&quot;:&quot;5&quot;,&quot;gap&quot;:&quot;5&quot;,&quot;greet&quot;:&quot;Rate this post&quot;,&quot;legend&quot;:&quot;0\\\/5 - (0 votes)&quot;,&quot;size&quot;:&quot;22&quot;,&quot;title&quot;:&quot;Unexpected Summer Buzz: Kad Merad Stars as Pope in Expanding Cinema Hit!&quot;,&quot;width&quot;:&quot;0&quot;,&quot;_legend&quot;:&quot;{score}\\\/{best} - ({count} {votes})&quot;,&quot;font_factor&quot;:&quot;1.25&quot;}'>\n            \n<div class=\"kksr-stars\">\n    \n<div class=\"kksr-stars-inactive\">\n            <div class=\"kksr-star\" data-star=\"1\" style=\"padding-right: 5px\">\n            \n\n<div class=\"kksr-icon\" style=\"width: 22px; height: 22px;\"><\/div>\n        <\/div>\n            <div class=\"kksr-star\" data-star=\"2\" style=\"padding-right: 5px\">\n            \n\n<div class=\"kksr-icon\" style=\"width: 22px; height: 22px;\"><\/div>\n        <\/div>\n            <div class=\"kksr-star\" data-star=\"3\" style=\"padding-right: 5px\">\n            \n\n<div class=\"kksr-icon\" style=\"width: 22px; height: 22px;\"><\/div>\n        <\/div>\n            <div class=\"kksr-star\" data-star=\"4\" style=\"padding-right: 5px\">\n            \n\n<div class=\"kksr-icon\" style=\"width: 22px; height: 22px;\"><\/div>\n        <\/div>\n            <div class=\"kksr-star\" data-star=\"5\" style=\"padding-right: 5px\">\n            \n\n<div class=\"kksr-icon\" style=\"width: 22px; height: 22px;\"><\/div>\n        <\/div>\n    <\/div>\n    \n<div class=\"kksr-stars-active\" style=\"width: 0px;\">\n            <div class=\"kksr-star\" style=\"padding-right: 5px\">\n            \n\n<div class=\"kksr-icon\" style=\"width: 22px; height: 22px;\"><\/div>\n        <\/div>\n            <div class=\"kksr-star\" style=\"padding-right: 5px\">\n            \n\n<div class=\"kksr-icon\" style=\"width: 22px; height: 22px;\"><\/div>\n        <\/div>\n            <div class=\"kksr-star\" style=\"padding-right: 5px\">\n            \n\n<div class=\"kksr-icon\" style=\"width: 22px; height: 22px;\"><\/div>\n        <\/div>\n            <div class=\"kksr-star\" style=\"padding-right: 5px\">\n            \n\n<div class=\"kksr-icon\" style=\"width: 22px; height: 22px;\"><\/div>\n        <\/div>\n            <div class=\"kksr-star\" style=\"padding-right: 5px\">\n            \n\n<div class=\"kksr-icon\" style=\"width: 22px; height: 22px;\"><\/div>\n        <\/div>\n    <\/div>\n<\/div>\n                \n\n<div class=\"kksr-legend\" style=\"font-size: 17.6px;\">\n            <span class=\"kksr-muted\">Rate this post<\/span>\n    <\/div>\n    <\/div>\n","protected":false},"excerpt":{"rendered":"<p>Released in only a handful of theaters in the middle of August, the movie &#8220;Papamobile,&#8221; starring Kad Merad, has unexpectedly generated significant buzz. Last night, its &#8230; <a title=\"Unexpected Summer Buzz: Kad Merad Stars as Pope in Expanding Cinema Hit!\" class=\"read-more\" href=\"https:\/\/kawsachunnews.com\/w\/unexpected-summer-buzz-kad-merad-stars-as-pope-in-expanding-cinema-hit\/\" aria-label=\"Read more about Unexpected Summer Buzz: Kad Merad Stars as Pope in Expanding Cinema Hit!\">Continue Reading &rarr;<\/a><\/p>\n","protected":false},"author":17,"featured_media":6673,"comment_status":"open","ping_status":"open","sticky":false,"template":"","format":"standard","meta":{"footnotes":""},"categories":[14],"tags":[],"class_list":["post-6672","post","type-post","status-publish","format-standard","has-post-thumbnail","hentry","category-tv"],"yoast_head":"<!-- This site is optimized with the Yoast SEO plugin v26.8 - https:\/\/yoast.com\/product\/yoast-seo-wordpress\/ -->\n<title>Unexpected Summer Buzz: Kad Merad Stars as Pope in Expanding Cinema Hit! - Kawsachun News -<\/title>\n<meta name=\"robots\" content=\"index, follow, max-snippet:-1, max-image-preview:large, max-video-preview:-1\" \/>\n<link rel=\"canonical\" href=\"https:\/\/kawsachunnews.com\/w\/unexpected-summer-buzz-kad-merad-stars-as-pope-in-expanding-cinema-hit\/\" \/>\n<meta property=\"og:locale\" content=\"en_US\" \/>\n<meta property=\"og:type\" content=\"article\" \/>\n<meta property=\"og:title\" content=\"Unexpected Summer Buzz: Kad Merad Stars as Pope in Expanding Cinema Hit! - Kawsachun News -\" \/>\n<meta property=\"og:description\" content=\"Released in only a handful of theaters in the middle of August, the movie &#8220;Papamobile,&#8221; starring Kad Merad, has unexpectedly generated significant buzz. Last night, its ... Continue Reading &rarr;\" \/>\n<meta property=\"og:url\" content=\"https:\/\/kawsachunnews.com\/w\/unexpected-summer-buzz-kad-merad-stars-as-pope-in-expanding-cinema-hit\/\" \/>\n<meta property=\"og:site_name\" content=\"Kawsachun News -\" \/>\n<meta property=\"article:published_time\" content=\"2025-09-04T05:00:36+00:00\" \/>\n<meta property=\"article:modified_time\" content=\"2025-09-04T05:00:37+00:00\" \/>\n<meta property=\"og:image\" content=\"https:\/\/kawsachunnews.com\/w\/wp-content\/uploads\/2025\/09\/Unexpected-Summer-Buzz-Kad-Merad-Stars-as-Pope-in-Expanding.jpg\" \/>\n\t<meta property=\"og:image:width\" content=\"1280\" \/>\n\t<meta property=\"og:image:height\" content=\"720\" \/>\n\t<meta property=\"og:image:type\" content=\"image\/jpeg\" \/>\n<meta name=\"author\" content=\"Iris Lennox\" \/>\n<meta name=\"twitter:card\" content=\"summary_large_image\" \/>\n<meta name=\"twitter:label1\" content=\"Written by\" \/>\n\t<meta name=\"twitter:data1\" content=\"Iris Lennox\" \/>\n\t<meta name=\"twitter:label2\" content=\"Est. reading time\" \/>\n\t<meta name=\"twitter:data2\" content=\"3 minutes\" \/>\n<script type=\"application\/ld+json\" class=\"yoast-schema-graph\">{\"@context\":\"https:\/\/schema.org\",\"@graph\":[{\"@type\":\"Article\",\"@id\":\"https:\/\/kawsachunnews.com\/w\/unexpected-summer-buzz-kad-merad-stars-as-pope-in-expanding-cinema-hit\/#article\",\"isPartOf\":{\"@id\":\"https:\/\/kawsachunnews.com\/w\/unexpected-summer-buzz-kad-merad-stars-as-pope-in-expanding-cinema-hit\/\"},\"author\":{\"name\":\"Iris Lennox\",\"@id\":\"https:\/\/kawsachunnews.com\/w\/#\/schema\/person\/320320f0951ff2b525aa3fd822593170\"},\"headline\":\"Unexpected Summer Buzz: Kad Merad Stars as Pope in Expanding Cinema Hit!\",\"datePublished\":\"2025-09-04T05:00:36+00:00\",\"dateModified\":\"2025-09-04T05:00:37+00:00\",\"mainEntityOfPage\":{\"@id\":\"https:\/\/kawsachunnews.com\/w\/unexpected-summer-buzz-kad-merad-stars-as-pope-in-expanding-cinema-hit\/\"},\"wordCount\":571,\"commentCount\":0,\"publisher\":{\"@id\":\"https:\/\/kawsachunnews.com\/w\/#organization\"},\"image\":{\"@id\":\"https:\/\/kawsachunnews.com\/w\/unexpected-summer-buzz-kad-merad-stars-as-pope-in-expanding-cinema-hit\/#primaryimage\"},\"thumbnailUrl\":\"https:\/\/kawsachunnews.com\/w\/wp-content\/uploads\/2025\/09\/Unexpected-Summer-Buzz-Kad-Merad-Stars-as-Pope-in-Expanding.jpg\",\"articleSection\":[\"TV\"],\"inLanguage\":\"en-US\",\"potentialAction\":[{\"@type\":\"CommentAction\",\"name\":\"Comment\",\"target\":[\"https:\/\/kawsachunnews.com\/w\/unexpected-summer-buzz-kad-merad-stars-as-pope-in-expanding-cinema-hit\/#respond\"]}]},{\"@type\":\"WebPage\",\"@id\":\"https:\/\/kawsachunnews.com\/w\/unexpected-summer-buzz-kad-merad-stars-as-pope-in-expanding-cinema-hit\/\",\"url\":\"https:\/\/kawsachunnews.com\/w\/unexpected-summer-buzz-kad-merad-stars-as-pope-in-expanding-cinema-hit\/\",\"name\":\"Unexpected Summer Buzz: Kad Merad Stars as Pope in Expanding Cinema Hit! - Kawsachun News -\",\"isPartOf\":{\"@id\":\"https:\/\/kawsachunnews.com\/w\/#website\"},\"primaryImageOfPage\":{\"@id\":\"https:\/\/kawsachunnews.com\/w\/unexpected-summer-buzz-kad-merad-stars-as-pope-in-expanding-cinema-hit\/#primaryimage\"},\"image\":{\"@id\":\"https:\/\/kawsachunnews.com\/w\/unexpected-summer-buzz-kad-merad-stars-as-pope-in-expanding-cinema-hit\/#primaryimage\"},\"thumbnailUrl\":\"https:\/\/kawsachunnews.com\/w\/wp-content\/uploads\/2025\/09\/Unexpected-Summer-Buzz-Kad-Merad-Stars-as-Pope-in-Expanding.jpg\",\"datePublished\":\"2025-09-04T05:00:36+00:00\",\"dateModified\":\"2025-09-04T05:00:37+00:00\",\"breadcrumb\":{\"@id\":\"https:\/\/kawsachunnews.com\/w\/unexpected-summer-buzz-kad-merad-stars-as-pope-in-expanding-cinema-hit\/#breadcrumb\"},\"inLanguage\":\"en-US\",\"potentialAction\":[{\"@type\":\"ReadAction\",\"target\":[\"https:\/\/kawsachunnews.com\/w\/unexpected-summer-buzz-kad-merad-stars-as-pope-in-expanding-cinema-hit\/\"]}]},{\"@type\":\"ImageObject\",\"inLanguage\":\"en-US\",\"@id\":\"https:\/\/kawsachunnews.com\/w\/unexpected-summer-buzz-kad-merad-stars-as-pope-in-expanding-cinema-hit\/#primaryimage\",\"url\":\"https:\/\/kawsachunnews.com\/w\/wp-content\/uploads\/2025\/09\/Unexpected-Summer-Buzz-Kad-Merad-Stars-as-Pope-in-Expanding.jpg\",\"contentUrl\":\"https:\/\/kawsachunnews.com\/w\/wp-content\/uploads\/2025\/09\/Unexpected-Summer-Buzz-Kad-Merad-Stars-as-Pope-in-Expanding.jpg\",\"width\":1280,\"height\":720,\"caption\":\"C'est le buzz inattendu de l'\u00e9t\u00e9 : ce film avec Kad Merad en pape gagne des salles de cin\u00e9ma !\"},{\"@type\":\"BreadcrumbList\",\"@id\":\"https:\/\/kawsachunnews.com\/w\/unexpected-summer-buzz-kad-merad-stars-as-pope-in-expanding-cinema-hit\/#breadcrumb\",\"itemListElement\":[{\"@type\":\"ListItem\",\"position\":1,\"name\":\"Accueil\",\"item\":\"https:\/\/kawsachunnews.com\/w\/\"},{\"@type\":\"ListItem\",\"position\":2,\"name\":\"Unexpected Summer Buzz: Kad Merad Stars as Pope in Expanding Cinema Hit!\"}]},{\"@type\":\"WebSite\",\"@id\":\"https:\/\/kawsachunnews.com\/w\/#website\",\"url\":\"https:\/\/kawsachunnews.com\/w\/\",\"name\":\"Kawsachun News -\",\"description\":\"\",\"publisher\":{\"@id\":\"https:\/\/kawsachunnews.com\/w\/#organization\"},\"potentialAction\":[{\"@type\":\"SearchAction\",\"target\":{\"@type\":\"EntryPoint\",\"urlTemplate\":\"https:\/\/kawsachunnews.com\/w\/?s={search_term_string}\"},\"query-input\":{\"@type\":\"PropertyValueSpecification\",\"valueRequired\":true,\"valueName\":\"search_term_string\"}}],\"inLanguage\":\"en-US\"},{\"@type\":\"Organization\",\"@id\":\"https:\/\/kawsachunnews.com\/w\/#organization\",\"name\":\"Kawsachun News -\",\"url\":\"https:\/\/kawsachunnews.com\/w\/\",\"logo\":{\"@type\":\"ImageObject\",\"inLanguage\":\"en-US\",\"@id\":\"https:\/\/kawsachunnews.com\/w\/#\/schema\/logo\/image\/\",\"url\":\"https:\/\/kawsachunnews.com\/w\/wp-content\/uploads\/2024\/09\/kawsachunnews-logo-406-2.jpg\",\"contentUrl\":\"https:\/\/kawsachunnews.com\/w\/wp-content\/uploads\/2024\/09\/kawsachunnews-logo-406-2.jpg\",\"width\":406,\"height\":72,\"caption\":\"Kawsachun News -\"},\"image\":{\"@id\":\"https:\/\/kawsachunnews.com\/w\/#\/schema\/logo\/image\/\"}},{\"@type\":\"Person\",\"@id\":\"https:\/\/kawsachunnews.com\/w\/#\/schema\/person\/320320f0951ff2b525aa3fd822593170\",\"name\":\"Iris Lennox\",\"image\":{\"@type\":\"ImageObject\",\"inLanguage\":\"en-US\",\"@id\":\"https:\/\/kawsachunnews.com\/w\/#\/schema\/person\/image\/\",\"url\":\"https:\/\/secure.gravatar.com\/avatar\/521a95248ab257bc48d343b1e5caafbd?s=96&d=mm&r=g\",\"contentUrl\":\"https:\/\/secure.gravatar.com\/avatar\/521a95248ab257bc48d343b1e5caafbd?s=96&d=mm&r=g\",\"caption\":\"Iris Lennox\"},\"description\":\"A passionate journalist, Iris Lennox covers social and cultural news across the U.S.\",\"url\":\"https:\/\/kawsachunnews.com\/w\/author\/iris-lennox\/\"}]}<\/script>\n<!-- \/ Yoast SEO plugin. -->","yoast_head_json":{"title":"Unexpected Summer Buzz: Kad Merad Stars as Pope in Expanding Cinema Hit! - Kawsachun News -","robots":{"index":"index","follow":"follow","max-snippet":"max-snippet:-1","max-image-preview":"max-image-preview:large","max-video-preview":"max-video-preview:-1"},"canonical":"https:\/\/kawsachunnews.com\/w\/unexpected-summer-buzz-kad-merad-stars-as-pope-in-expanding-cinema-hit\/","og_locale":"en_US","og_type":"article","og_title":"Unexpected Summer Buzz: Kad Merad Stars as Pope in Expanding Cinema Hit! - Kawsachun News -","og_description":"Released in only a handful of theaters in the middle of August, the movie &#8220;Papamobile,&#8221; starring Kad Merad, has unexpectedly generated significant buzz. Last night, its ... Continue Reading &rarr;","og_url":"https:\/\/kawsachunnews.com\/w\/unexpected-summer-buzz-kad-merad-stars-as-pope-in-expanding-cinema-hit\/","og_site_name":"Kawsachun News -","article_published_time":"2025-09-04T05:00:36+00:00","article_modified_time":"2025-09-04T05:00:37+00:00","og_image":[{"width":1280,"height":720,"url":"https:\/\/kawsachunnews.com\/w\/wp-content\/uploads\/2025\/09\/Unexpected-Summer-Buzz-Kad-Merad-Stars-as-Pope-in-Expanding.jpg","type":"image\/jpeg"}],"author":"Iris Lennox","twitter_card":"summary_large_image","twitter_misc":{"Written by":"Iris Lennox","Est. reading time":"3 minutes"},"schema":{"@context":"https:\/\/schema.org","@graph":[{"@type":"Article","@id":"https:\/\/kawsachunnews.com\/w\/unexpected-summer-buzz-kad-merad-stars-as-pope-in-expanding-cinema-hit\/#article","isPartOf":{"@id":"https:\/\/kawsachunnews.com\/w\/unexpected-summer-buzz-kad-merad-stars-as-pope-in-expanding-cinema-hit\/"},"author":{"name":"Iris Lennox","@id":"https:\/\/kawsachunnews.com\/w\/#\/schema\/person\/320320f0951ff2b525aa3fd822593170"},"headline":"Unexpected Summer Buzz: Kad Merad Stars as Pope in Expanding Cinema Hit!","datePublished":"2025-09-04T05:00:36+00:00","dateModified":"2025-09-04T05:00:37+00:00","mainEntityOfPage":{"@id":"https:\/\/kawsachunnews.com\/w\/unexpected-summer-buzz-kad-merad-stars-as-pope-in-expanding-cinema-hit\/"},"wordCount":571,"commentCount":0,"publisher":{"@id":"https:\/\/kawsachunnews.com\/w\/#organization"},"image":{"@id":"https:\/\/kawsachunnews.com\/w\/unexpected-summer-buzz-kad-merad-stars-as-pope-in-expanding-cinema-hit\/#primaryimage"},"thumbnailUrl":"https:\/\/kawsachunnews.com\/w\/wp-content\/uploads\/2025\/09\/Unexpected-Summer-Buzz-Kad-Merad-Stars-as-Pope-in-Expanding.jpg","articleSection":["TV"],"inLanguage":"en-US","potentialAction":[{"@type":"CommentAction","name":"Comment","target":["https:\/\/kawsachunnews.com\/w\/unexpected-summer-buzz-kad-merad-stars-as-pope-in-expanding-cinema-hit\/#respond"]}]},{"@type":"WebPage","@id":"https:\/\/kawsachunnews.com\/w\/unexpected-summer-buzz-kad-merad-stars-as-pope-in-expanding-cinema-hit\/","url":"https:\/\/kawsachunnews.com\/w\/unexpected-summer-buzz-kad-merad-stars-as-pope-in-expanding-cinema-hit\/","name":"Unexpected Summer Buzz: Kad Merad Stars as Pope in Expanding Cinema Hit! - Kawsachun News -","isPartOf":{"@id":"https:\/\/kawsachunnews.com\/w\/#website"},"primaryImageOfPage":{"@id":"https:\/\/kawsachunnews.com\/w\/unexpected-summer-buzz-kad-merad-stars-as-pope-in-expanding-cinema-hit\/#primaryimage"},"image":{"@id":"https:\/\/kawsachunnews.com\/w\/unexpected-summer-buzz-kad-merad-stars-as-pope-in-expanding-cinema-hit\/#primaryimage"},"thumbnailUrl":"https:\/\/kawsachunnews.com\/w\/wp-content\/uploads\/2025\/09\/Unexpected-Summer-Buzz-Kad-Merad-Stars-as-Pope-in-Expanding.jpg","datePublished":"2025-09-04T05:00:36+00:00","dateModified":"2025-09-04T05:00:37+00:00","breadcrumb":{"@id":"https:\/\/kawsachunnews.com\/w\/unexpected-summer-buzz-kad-merad-stars-as-pope-in-expanding-cinema-hit\/#breadcrumb"},"inLanguage":"en-US","potentialAction":[{"@type":"ReadAction","target":["https:\/\/kawsachunnews.com\/w\/unexpected-summer-buzz-kad-merad-stars-as-pope-in-expanding-cinema-hit\/"]}]},{"@type":"ImageObject","inLanguage":"en-US","@id":"https:\/\/kawsachunnews.com\/w\/unexpected-summer-buzz-kad-merad-stars-as-pope-in-expanding-cinema-hit\/#primaryimage","url":"https:\/\/kawsachunnews.com\/w\/wp-content\/uploads\/2025\/09\/Unexpected-Summer-Buzz-Kad-Merad-Stars-as-Pope-in-Expanding.jpg","contentUrl":"https:\/\/kawsachunnews.com\/w\/wp-content\/uploads\/2025\/09\/Unexpected-Summer-Buzz-Kad-Merad-Stars-as-Pope-in-Expanding.jpg","width":1280,"height":720,"caption":"C'est le buzz inattendu de l'\u00e9t\u00e9 : ce film avec Kad Merad en pape gagne des salles de cin\u00e9ma !"},{"@type":"BreadcrumbList","@id":"https:\/\/kawsachunnews.com\/w\/unexpected-summer-buzz-kad-merad-stars-as-pope-in-expanding-cinema-hit\/#breadcrumb","itemListElement":[{"@type":"ListItem","position":1,"name":"Accueil","item":"https:\/\/kawsachunnews.com\/w\/"},{"@type":"ListItem","position":2,"name":"Unexpected Summer Buzz: Kad Merad Stars as Pope in Expanding Cinema Hit!"}]},{"@type":"WebSite","@id":"https:\/\/kawsachunnews.com\/w\/#website","url":"https:\/\/kawsachunnews.com\/w\/","name":"Kawsachun News -","description":"","publisher":{"@id":"https:\/\/kawsachunnews.com\/w\/#organization"},"potentialAction":[{"@type":"SearchAction","target":{"@type":"EntryPoint","urlTemplate":"https:\/\/kawsachunnews.com\/w\/?s={search_term_string}"},"query-input":{"@type":"PropertyValueSpecification","valueRequired":true,"valueName":"search_term_string"}}],"inLanguage":"en-US"},{"@type":"Organization","@id":"https:\/\/kawsachunnews.com\/w\/#organization","name":"Kawsachun News -","url":"https:\/\/kawsachunnews.com\/w\/","logo":{"@type":"ImageObject","inLanguage":"en-US","@id":"https:\/\/kawsachunnews.com\/w\/#\/schema\/logo\/image\/","url":"https:\/\/kawsachunnews.com\/w\/wp-content\/uploads\/2024\/09\/kawsachunnews-logo-406-2.jpg","contentUrl":"https:\/\/kawsachunnews.com\/w\/wp-content\/uploads\/2024\/09\/kawsachunnews-logo-406-2.jpg","width":406,"height":72,"caption":"Kawsachun News -"},"image":{"@id":"https:\/\/kawsachunnews.com\/w\/#\/schema\/logo\/image\/"}},{"@type":"Person","@id":"https:\/\/kawsachunnews.com\/w\/#\/schema\/person\/320320f0951ff2b525aa3fd822593170","name":"Iris Lennox","image":{"@type":"ImageObject","inLanguage":"en-US","@id":"https:\/\/kawsachunnews.com\/w\/#\/schema\/person\/image\/","url":"https:\/\/secure.gravatar.com\/avatar\/521a95248ab257bc48d343b1e5caafbd?s=96&d=mm&r=g","contentUrl":"https:\/\/secure.gravatar.com\/avatar\/521a95248ab257bc48d343b1e5caafbd?s=96&d=mm&r=g","caption":"Iris Lennox"},"description":"A passionate journalist, Iris Lennox covers social and cultural news across the U.S.","url":"https:\/\/kawsachunnews.com\/w\/author\/iris-lennox\/"}]}},"_links":{"self":[{"href":"https:\/\/kawsachunnews.com\/w\/wp-json\/wp\/v2\/posts\/6672","targetHints":{"allow":["GET"]}}],"collection":[{"href":"https:\/\/kawsachunnews.com\/w\/wp-json\/wp\/v2\/posts"}],"about":[{"href":"https:\/\/kawsachunnews.com\/w\/wp-json\/wp\/v2\/types\/post"}],"author":[{"embeddable":true,"href":"https:\/\/kawsachunnews.com\/w\/wp-json\/wp\/v2\/users\/17"}],"replies":[{"embeddable":true,"href":"https:\/\/kawsachunnews.com\/w\/wp-json\/wp\/v2\/comments?post=6672"}],"version-history":[{"count":1,"href":"https:\/\/kawsachunnews.com\/w\/wp-json\/wp\/v2\/posts\/6672\/revisions"}],"predecessor-version":[{"id":6674,"href":"https:\/\/kawsachunnews.com\/w\/wp-json\/wp\/v2\/posts\/6672\/revisions\/6674"}],"wp:featuredmedia":[{"embeddable":true,"href":"https:\/\/kawsachunnews.com\/w\/wp-json\/wp\/v2\/media\/6673"}],"wp:attachment":[{"href":"https:\/\/kawsachunnews.com\/w\/wp-json\/wp\/v2\/media?parent=6672"}],"wp:term":[{"taxonomy":"category","embeddable":true,"href":"https:\/\/kawsachunnews.com\/w\/wp-json\/wp\/v2\/categories?post=6672"},{"taxonomy":"post_tag","embeddable":true,"href":"https:\/\/kawsachunnews.com\/w\/wp-json\/wp\/v2\/tags?post=6672"}],"curies":[{"name":"wp","href":"https:\/\/api.w.org\/{rel}","templated":true}]}}