{"id":6738,"date":"2025-09-09T01:21:53","date_gmt":"2025-09-09T05:21:53","guid":{"rendered":"https:\/\/kawsachunnews.com\/w\/buffy-the-vampire-slayer-actor-devastated-by-grueling-scene-filmed-24-years-ago\/"},"modified":"2025-09-09T01:21:54","modified_gmt":"2025-09-09T05:21:54","slug":"buffy-the-vampire-slayer-actor-devastated-by-grueling-scene-filmed-24-years-ago","status":"publish","type":"post","link":"https:\/\/kawsachunnews.com\/w\/buffy-the-vampire-slayer-actor-devastated-by-grueling-scene-filmed-24-years-ago\/","title":{"rendered":"&#8220;Buffy the Vampire Slayer&#8221; Actor Devastated by Grueling Scene Filmed 24 Years Ago!"},"content":{"rendered":"<article id=\"article-container\" class=\"article-container\"><\/p>\n<p class=\"article-lead\">A disturbing episode of \u201cBuffy\u201d has left a lasting impact on fans&#8230; and shattered James Marsters. The actor who played Spike shares the painful scene that drove him to seek therapy.<\/p>\n<p><\/p>\n<div id=\"article-content\" class=\"article-content\"><\/p>\n<p class=\"bo-p\"><b>Warning, spoilers ahead! This article contains major spoilers for Season 6 of &#8220;Buffy the Vampire Slayer&#8221; (1997-2003). If you haven&#8217;t watched it, you may want to stop reading here.<\/b><\/p>\n<p><\/p>\n<p class=\"bo-p\"><b><i>Content warning \u2013 mentions of sexual violence<\/i><\/b><\/p>\n<p><\/p>\n<p class=\"bo-p\">A dark moment in the series &#8220;Buffy the Vampire Slayer&#8221; has not only left an indelible mark on viewers but also on one of its main actors, James Marsters. Last year, he opened up about a filming experience that deeply disturbed him, to the point where he sought therapy.<\/p>\n<p><\/p>\n<p class=\"bo-p\">Buffy fans will likely recall episode 19 of season 6, aired in 2002 and titled <i>Seeing Red<\/i>. This episode includes a particularly tough and controversial scene where Spike, in a moment of despair, attempts to force himself sexually on Buffy. The sequence is brutal, unexpected, and shocking, affecting both viewers and the actors involved.<\/p>\n<p><\/p>\n<p class=\"bo-p\">Added to this is the sudden and violent death of Tara (Amber Benson), another beloved character. These elements combined make this episode one of the most painful of the series, still discussed today for its dramatic intensity and emotional impact.<\/p>\n<h2 class=\"bo-h2\">&#8220;It devastated me&#8221;<\/h2>\n<p><\/p>\n<p class=\"bo-p\">Speaking on the podcast <span class=\"bo-link\">Inside of You<\/span> hosted by Michael Rosenbaum (the former Lex Luthor from Smallville), <span class=\"bo-link\">James Marsters<\/span> emotionally revisited this difficult period in his career.<\/p>\n<p><\/p>\n<p class=\"bo-p\">\u201c<i>Actually, Buffy sent me to therapy. Buffy devastated me<\/i>,\u201d he shared. \u201c<i>It\u2019s a problematic scene for many fans of the show. And it was the darkest day of my professional life<\/i>,\u201d said the actor, now 63 years old.<\/p>\n<p><\/p>\n<p class=\"bo-p\">James Marsters revealed that this sequence was inspired by a personal experience of one of the show&#8217;s writers, who had once awkwardly tried to reconnect with an ex-boyfriend, believing that sleeping together one last time would fix everything, an incident that was one of the most painful memories of her life.<\/p>\n<p><\/p>\n<p class=\"bo-p\"><b>Viewer discretion advised for the scene in question:<\/b><\/p>\n<h2 class=\"bo-h2\">A Misunderstood Scene and Hard to Justify<\/h2>\n<p><\/p>\n<p class=\"bo-p\">James Marsters expressed serious concerns about the message the scene sent to viewers, explaining that the writers thought they could reverse gender roles due to Buffy&#8217;s status as a superheroine capable of defending herself. However, he felt that the audience did not see it the same way.<\/p>\n<p><\/p>\n<p class=\"bo-p\">\u201c<i>They thought that since Buffy was a superheroine and they could reverse the genders, since Buffy could easily defend herself against it. The writers thought a man could do it to a woman and it would be the same thing<\/i>,\u201d he clarified, emphasizing the psychological and emotional impact this could have on viewers.<\/p>\n<p><\/p>\n<p class=\"bo-p\">\u201c<i>I went to them and said, \u2018You know, guys, we&#8217;re providing a vicarious experience for the audience. Everyone watching Buffy identifies with her, and they&#8217;re not superheroes, so I&#8217;m doing this to every member of the audience, and they&#8217;re going to have very different reactions.\u2019<\/i>\u201d<\/p>\n<h2 class=\"bo-h2\">A Contractual Obligation, A Personal Trauma<\/h2>\n<p><\/p>\n<p class=\"bo-p\">Although he tried to dispute the scene, <span class=\"bo-link\">James Marsters<\/span> did not have the legal power to refuse it. \u201c<i>We shot the scene, and it was hell. I was in my personal hell. I dislike scenes of sexual predation, anything related to it<\/i>,\u201d he stated bluntly.<\/p>\n<p><\/p>\n<p class=\"bo-p\">He added that he always avoids such types of roles or scenes, which he cannot stand either on-screen or in fiction: \u201c<i>I don&#8217;t audition for these kinds of things. If a movie contains this kind of scene, I won&#8217;t go see it. If it&#8217;s on TV, I have to turn it off or else I&#8217;ll break it. I have a very visceral reaction to these kinds of things.<\/i>\u201d<\/p>\n<h2 class=\"bo-h2\">Pain Shared by Sarah Michelle Gellar<\/h2>\n<p><\/p>\n<p class=\"bo-p\">Sarah Michelle Gellar, the iconic performer of Buffy, also shares a reluctance to revisit this period of the series. In an interview with <span class=\"bo-link\">The Hollywood Reporter<\/span> in 2023, she admitted: \u201c<i>I struggle with season six. It wasn&#8217;t right for our characters at the time, and I simply don&#8217;t want to watch it again.<\/i>\u201d<\/p>\n<p><\/p>\n<p class=\"bo-p\">Often praised for its progressive tone and strong characters, <span class=\"bo-link\">Buffy the Vampire Slayer<\/span> did not escape its own dark moments. For <span class=\"bo-link\">James Marsters<\/span>, the experience was much more than just a role: it was a psychologically painful turning point that deeply affected him.<\/p>\n<p><\/p>\n<p class=\"bo-p\"><b>Buffy the Vampire Slayer is available for streaming on Prime Video and Disney+.<\/b><\/p>\n<p>\n    <\/div>\n<p>\n<\/article>\n<p><script async src=\"https:\/\/platform.twitter.com\/widgets.js\" charset=\"utf-8\"><\/script><\/p>\n\n\n<div class=\"kk-star-ratings kksr-auto kksr-align-left kksr-valign-bottom\"\n    data-payload='{&quot;align&quot;:&quot;left&quot;,&quot;id&quot;:&quot;6738&quot;,&quot;slug&quot;:&quot;default&quot;,&quot;valign&quot;:&quot;bottom&quot;,&quot;ignore&quot;:&quot;&quot;,&quot;reference&quot;:&quot;auto&quot;,&quot;class&quot;:&quot;&quot;,&quot;count&quot;:&quot;0&quot;,&quot;legendonly&quot;:&quot;&quot;,&quot;readonly&quot;:&quot;&quot;,&quot;score&quot;:&quot;0&quot;,&quot;starsonly&quot;:&quot;&quot;,&quot;best&quot;:&quot;5&quot;,&quot;gap&quot;:&quot;5&quot;,&quot;greet&quot;:&quot;Rate this post&quot;,&quot;legend&quot;:&quot;0\\\/5 - (0 votes)&quot;,&quot;size&quot;:&quot;22&quot;,&quot;title&quot;:&quot;\\u0026quot;Buffy the Vampire Slayer\\u0026quot; Actor Devastated by Grueling Scene Filmed 24 Years Ago!&quot;,&quot;width&quot;:&quot;0&quot;,&quot;_legend&quot;:&quot;{score}\\\/{best} - ({count} {votes})&quot;,&quot;font_factor&quot;:&quot;1.25&quot;}'>\n            \n<div class=\"kksr-stars\">\n    \n<div class=\"kksr-stars-inactive\">\n            <div class=\"kksr-star\" data-star=\"1\" style=\"padding-right: 5px\">\n            \n\n<div class=\"kksr-icon\" style=\"width: 22px; height: 22px;\"><\/div>\n        <\/div>\n            <div class=\"kksr-star\" data-star=\"2\" style=\"padding-right: 5px\">\n            \n\n<div class=\"kksr-icon\" style=\"width: 22px; height: 22px;\"><\/div>\n        <\/div>\n            <div class=\"kksr-star\" data-star=\"3\" style=\"padding-right: 5px\">\n            \n\n<div class=\"kksr-icon\" style=\"width: 22px; height: 22px;\"><\/div>\n        <\/div>\n            <div class=\"kksr-star\" data-star=\"4\" style=\"padding-right: 5px\">\n            \n\n<div class=\"kksr-icon\" style=\"width: 22px; height: 22px;\"><\/div>\n        <\/div>\n            <div class=\"kksr-star\" data-star=\"5\" style=\"padding-right: 5px\">\n            \n\n<div class=\"kksr-icon\" style=\"width: 22px; height: 22px;\"><\/div>\n        <\/div>\n    <\/div>\n    \n<div class=\"kksr-stars-active\" style=\"width: 0px;\">\n            <div class=\"kksr-star\" style=\"padding-right: 5px\">\n            \n\n<div class=\"kksr-icon\" style=\"width: 22px; height: 22px;\"><\/div>\n        <\/div>\n            <div class=\"kksr-star\" style=\"padding-right: 5px\">\n            \n\n<div class=\"kksr-icon\" style=\"width: 22px; height: 22px;\"><\/div>\n        <\/div>\n            <div class=\"kksr-star\" style=\"padding-right: 5px\">\n            \n\n<div class=\"kksr-icon\" style=\"width: 22px; height: 22px;\"><\/div>\n        <\/div>\n            <div class=\"kksr-star\" style=\"padding-right: 5px\">\n            \n\n<div class=\"kksr-icon\" style=\"width: 22px; height: 22px;\"><\/div>\n        <\/div>\n            <div class=\"kksr-star\" style=\"padding-right: 5px\">\n            \n\n<div class=\"kksr-icon\" style=\"width: 22px; height: 22px;\"><\/div>\n        <\/div>\n    <\/div>\n<\/div>\n                \n\n<div class=\"kksr-legend\" style=\"font-size: 17.6px;\">\n            <span class=\"kksr-muted\">Rate this post<\/span>\n    <\/div>\n    <\/div>\n","protected":false},"excerpt":{"rendered":"<p>A disturbing episode of \u201cBuffy\u201d has left a lasting impact on fans&#8230; and shattered James Marsters. The actor who played Spike shares the painful scene that &#8230; <a title=\"&#8220;Buffy the Vampire Slayer&#8221; Actor Devastated by Grueling Scene Filmed 24 Years Ago!\" class=\"read-more\" href=\"https:\/\/kawsachunnews.com\/w\/buffy-the-vampire-slayer-actor-devastated-by-grueling-scene-filmed-24-years-ago\/\" aria-label=\"Read more about &#8220;Buffy the Vampire Slayer&#8221; Actor Devastated by Grueling Scene Filmed 24 Years Ago!\">Continue Reading &rarr;<\/a><\/p>\n","protected":false},"author":17,"featured_media":6739,"comment_status":"open","ping_status":"open","sticky":false,"template":"","format":"standard","meta":{"footnotes":""},"categories":[14],"tags":[],"class_list":["post-6738","post","type-post","status-publish","format-standard","has-post-thumbnail","hentry","category-tv"],"yoast_head":"<!-- This site is optimized with the Yoast SEO plugin v26.8 - https:\/\/yoast.com\/product\/yoast-seo-wordpress\/ -->\n<title>&quot;Buffy the Vampire Slayer&quot; Actor Devastated by Grueling Scene Filmed 24 Years Ago! - Kawsachun News -<\/title>\n<meta name=\"robots\" content=\"index, follow, max-snippet:-1, max-image-preview:large, max-video-preview:-1\" \/>\n<link rel=\"canonical\" href=\"https:\/\/kawsachunnews.com\/w\/buffy-the-vampire-slayer-actor-devastated-by-grueling-scene-filmed-24-years-ago\/\" \/>\n<meta property=\"og:locale\" content=\"en_US\" \/>\n<meta property=\"og:type\" content=\"article\" \/>\n<meta property=\"og:title\" content=\"&quot;Buffy the Vampire Slayer&quot; Actor Devastated by Grueling Scene Filmed 24 Years Ago! - Kawsachun News -\" \/>\n<meta property=\"og:description\" content=\"A disturbing episode of \u201cBuffy\u201d has left a lasting impact on fans&#8230; and shattered James Marsters. The actor who played Spike shares the painful scene that ... Continue Reading &rarr;\" \/>\n<meta property=\"og:url\" content=\"https:\/\/kawsachunnews.com\/w\/buffy-the-vampire-slayer-actor-devastated-by-grueling-scene-filmed-24-years-ago\/\" \/>\n<meta property=\"og:site_name\" content=\"Kawsachun News -\" \/>\n<meta property=\"article:published_time\" content=\"2025-09-09T05:21:53+00:00\" \/>\n<meta property=\"article:modified_time\" content=\"2025-09-09T05:21:54+00:00\" \/>\n<meta property=\"og:image\" content=\"https:\/\/kawsachunnews.com\/w\/wp-content\/uploads\/2025\/09\/Buffy-the-Vampire-Slayer-Actor-Devastated-by-Grueling-Scene-Filmed.jpg\" \/>\n\t<meta property=\"og:image:width\" content=\"1280\" \/>\n\t<meta property=\"og:image:height\" content=\"720\" \/>\n\t<meta property=\"og:image:type\" content=\"image\/jpeg\" \/>\n<meta name=\"author\" content=\"Iris Lennox\" \/>\n<meta name=\"twitter:card\" content=\"summary_large_image\" \/>\n<meta name=\"twitter:label1\" content=\"Written by\" \/>\n\t<meta name=\"twitter:data1\" content=\"Iris Lennox\" \/>\n\t<meta name=\"twitter:label2\" content=\"Est. reading time\" \/>\n\t<meta name=\"twitter:data2\" content=\"4 minutes\" \/>\n<script type=\"application\/ld+json\" class=\"yoast-schema-graph\">{\"@context\":\"https:\/\/schema.org\",\"@graph\":[{\"@type\":\"Article\",\"@id\":\"https:\/\/kawsachunnews.com\/w\/buffy-the-vampire-slayer-actor-devastated-by-grueling-scene-filmed-24-years-ago\/#article\",\"isPartOf\":{\"@id\":\"https:\/\/kawsachunnews.com\/w\/buffy-the-vampire-slayer-actor-devastated-by-grueling-scene-filmed-24-years-ago\/\"},\"author\":{\"name\":\"Iris Lennox\",\"@id\":\"https:\/\/kawsachunnews.com\/w\/#\/schema\/person\/320320f0951ff2b525aa3fd822593170\"},\"headline\":\"&#8220;Buffy the Vampire Slayer&#8221; Actor Devastated by Grueling Scene Filmed 24 Years Ago!\",\"datePublished\":\"2025-09-09T05:21:53+00:00\",\"dateModified\":\"2025-09-09T05:21:54+00:00\",\"mainEntityOfPage\":{\"@id\":\"https:\/\/kawsachunnews.com\/w\/buffy-the-vampire-slayer-actor-devastated-by-grueling-scene-filmed-24-years-ago\/\"},\"wordCount\":742,\"commentCount\":0,\"publisher\":{\"@id\":\"https:\/\/kawsachunnews.com\/w\/#organization\"},\"image\":{\"@id\":\"https:\/\/kawsachunnews.com\/w\/buffy-the-vampire-slayer-actor-devastated-by-grueling-scene-filmed-24-years-ago\/#primaryimage\"},\"thumbnailUrl\":\"https:\/\/kawsachunnews.com\/w\/wp-content\/uploads\/2025\/09\/Buffy-the-Vampire-Slayer-Actor-Devastated-by-Grueling-Scene-Filmed.jpg\",\"articleSection\":[\"TV\"],\"inLanguage\":\"en-US\",\"potentialAction\":[{\"@type\":\"CommentAction\",\"name\":\"Comment\",\"target\":[\"https:\/\/kawsachunnews.com\/w\/buffy-the-vampire-slayer-actor-devastated-by-grueling-scene-filmed-24-years-ago\/#respond\"]}]},{\"@type\":\"WebPage\",\"@id\":\"https:\/\/kawsachunnews.com\/w\/buffy-the-vampire-slayer-actor-devastated-by-grueling-scene-filmed-24-years-ago\/\",\"url\":\"https:\/\/kawsachunnews.com\/w\/buffy-the-vampire-slayer-actor-devastated-by-grueling-scene-filmed-24-years-ago\/\",\"name\":\"\\\"Buffy the Vampire Slayer\\\" Actor Devastated by Grueling Scene Filmed 24 Years Ago! - Kawsachun News -\",\"isPartOf\":{\"@id\":\"https:\/\/kawsachunnews.com\/w\/#website\"},\"primaryImageOfPage\":{\"@id\":\"https:\/\/kawsachunnews.com\/w\/buffy-the-vampire-slayer-actor-devastated-by-grueling-scene-filmed-24-years-ago\/#primaryimage\"},\"image\":{\"@id\":\"https:\/\/kawsachunnews.com\/w\/buffy-the-vampire-slayer-actor-devastated-by-grueling-scene-filmed-24-years-ago\/#primaryimage\"},\"thumbnailUrl\":\"https:\/\/kawsachunnews.com\/w\/wp-content\/uploads\/2025\/09\/Buffy-the-Vampire-Slayer-Actor-Devastated-by-Grueling-Scene-Filmed.jpg\",\"datePublished\":\"2025-09-09T05:21:53+00:00\",\"dateModified\":\"2025-09-09T05:21:54+00:00\",\"breadcrumb\":{\"@id\":\"https:\/\/kawsachunnews.com\/w\/buffy-the-vampire-slayer-actor-devastated-by-grueling-scene-filmed-24-years-ago\/#breadcrumb\"},\"inLanguage\":\"en-US\",\"potentialAction\":[{\"@type\":\"ReadAction\",\"target\":[\"https:\/\/kawsachunnews.com\/w\/buffy-the-vampire-slayer-actor-devastated-by-grueling-scene-filmed-24-years-ago\/\"]}]},{\"@type\":\"ImageObject\",\"inLanguage\":\"en-US\",\"@id\":\"https:\/\/kawsachunnews.com\/w\/buffy-the-vampire-slayer-actor-devastated-by-grueling-scene-filmed-24-years-ago\/#primaryimage\",\"url\":\"https:\/\/kawsachunnews.com\/w\/wp-content\/uploads\/2025\/09\/Buffy-the-Vampire-Slayer-Actor-Devastated-by-Grueling-Scene-Filmed.jpg\",\"contentUrl\":\"https:\/\/kawsachunnews.com\/w\/wp-content\/uploads\/2025\/09\/Buffy-the-Vampire-Slayer-Actor-Devastated-by-Grueling-Scene-Filmed.jpg\",\"width\":1280,\"height\":720,\"caption\":\"\\\"Buffy m'a an\u00e9anti\\\" : cet acteur garde un tr\u00e8s mauvais souvenir d'une sc\u00e8ne \u00e9prouvante tourn\u00e9e il y a 24 ans\"},{\"@type\":\"BreadcrumbList\",\"@id\":\"https:\/\/kawsachunnews.com\/w\/buffy-the-vampire-slayer-actor-devastated-by-grueling-scene-filmed-24-years-ago\/#breadcrumb\",\"itemListElement\":[{\"@type\":\"ListItem\",\"position\":1,\"name\":\"Accueil\",\"item\":\"https:\/\/kawsachunnews.com\/w\/\"},{\"@type\":\"ListItem\",\"position\":2,\"name\":\"&#8220;Buffy the Vampire Slayer&#8221; Actor Devastated by Grueling Scene Filmed 24 Years Ago!\"}]},{\"@type\":\"WebSite\",\"@id\":\"https:\/\/kawsachunnews.com\/w\/#website\",\"url\":\"https:\/\/kawsachunnews.com\/w\/\",\"name\":\"Kawsachun News -\",\"description\":\"\",\"publisher\":{\"@id\":\"https:\/\/kawsachunnews.com\/w\/#organization\"},\"potentialAction\":[{\"@type\":\"SearchAction\",\"target\":{\"@type\":\"EntryPoint\",\"urlTemplate\":\"https:\/\/kawsachunnews.com\/w\/?s={search_term_string}\"},\"query-input\":{\"@type\":\"PropertyValueSpecification\",\"valueRequired\":true,\"valueName\":\"search_term_string\"}}],\"inLanguage\":\"en-US\"},{\"@type\":\"Organization\",\"@id\":\"https:\/\/kawsachunnews.com\/w\/#organization\",\"name\":\"Kawsachun News -\",\"url\":\"https:\/\/kawsachunnews.com\/w\/\",\"logo\":{\"@type\":\"ImageObject\",\"inLanguage\":\"en-US\",\"@id\":\"https:\/\/kawsachunnews.com\/w\/#\/schema\/logo\/image\/\",\"url\":\"https:\/\/kawsachunnews.com\/w\/wp-content\/uploads\/2024\/09\/kawsachunnews-logo-406-2.jpg\",\"contentUrl\":\"https:\/\/kawsachunnews.com\/w\/wp-content\/uploads\/2024\/09\/kawsachunnews-logo-406-2.jpg\",\"width\":406,\"height\":72,\"caption\":\"Kawsachun News -\"},\"image\":{\"@id\":\"https:\/\/kawsachunnews.com\/w\/#\/schema\/logo\/image\/\"}},{\"@type\":\"Person\",\"@id\":\"https:\/\/kawsachunnews.com\/w\/#\/schema\/person\/320320f0951ff2b525aa3fd822593170\",\"name\":\"Iris Lennox\",\"image\":{\"@type\":\"ImageObject\",\"inLanguage\":\"en-US\",\"@id\":\"https:\/\/kawsachunnews.com\/w\/#\/schema\/person\/image\/\",\"url\":\"https:\/\/secure.gravatar.com\/avatar\/521a95248ab257bc48d343b1e5caafbd?s=96&d=mm&r=g\",\"contentUrl\":\"https:\/\/secure.gravatar.com\/avatar\/521a95248ab257bc48d343b1e5caafbd?s=96&d=mm&r=g\",\"caption\":\"Iris Lennox\"},\"description\":\"A passionate journalist, Iris Lennox covers social and cultural news across the U.S.\",\"url\":\"https:\/\/kawsachunnews.com\/w\/author\/iris-lennox\/\"}]}<\/script>\n<!-- \/ Yoast SEO plugin. -->","yoast_head_json":{"title":"\"Buffy the Vampire Slayer\" Actor Devastated by Grueling Scene Filmed 24 Years Ago! - Kawsachun News -","robots":{"index":"index","follow":"follow","max-snippet":"max-snippet:-1","max-image-preview":"max-image-preview:large","max-video-preview":"max-video-preview:-1"},"canonical":"https:\/\/kawsachunnews.com\/w\/buffy-the-vampire-slayer-actor-devastated-by-grueling-scene-filmed-24-years-ago\/","og_locale":"en_US","og_type":"article","og_title":"\"Buffy the Vampire Slayer\" Actor Devastated by Grueling Scene Filmed 24 Years Ago! - Kawsachun News -","og_description":"A disturbing episode of \u201cBuffy\u201d has left a lasting impact on fans&#8230; and shattered James Marsters. The actor who played Spike shares the painful scene that ... Continue Reading &rarr;","og_url":"https:\/\/kawsachunnews.com\/w\/buffy-the-vampire-slayer-actor-devastated-by-grueling-scene-filmed-24-years-ago\/","og_site_name":"Kawsachun News -","article_published_time":"2025-09-09T05:21:53+00:00","article_modified_time":"2025-09-09T05:21:54+00:00","og_image":[{"width":1280,"height":720,"url":"https:\/\/kawsachunnews.com\/w\/wp-content\/uploads\/2025\/09\/Buffy-the-Vampire-Slayer-Actor-Devastated-by-Grueling-Scene-Filmed.jpg","type":"image\/jpeg"}],"author":"Iris Lennox","twitter_card":"summary_large_image","twitter_misc":{"Written by":"Iris Lennox","Est. reading time":"4 minutes"},"schema":{"@context":"https:\/\/schema.org","@graph":[{"@type":"Article","@id":"https:\/\/kawsachunnews.com\/w\/buffy-the-vampire-slayer-actor-devastated-by-grueling-scene-filmed-24-years-ago\/#article","isPartOf":{"@id":"https:\/\/kawsachunnews.com\/w\/buffy-the-vampire-slayer-actor-devastated-by-grueling-scene-filmed-24-years-ago\/"},"author":{"name":"Iris Lennox","@id":"https:\/\/kawsachunnews.com\/w\/#\/schema\/person\/320320f0951ff2b525aa3fd822593170"},"headline":"&#8220;Buffy the Vampire Slayer&#8221; Actor Devastated by Grueling Scene Filmed 24 Years Ago!","datePublished":"2025-09-09T05:21:53+00:00","dateModified":"2025-09-09T05:21:54+00:00","mainEntityOfPage":{"@id":"https:\/\/kawsachunnews.com\/w\/buffy-the-vampire-slayer-actor-devastated-by-grueling-scene-filmed-24-years-ago\/"},"wordCount":742,"commentCount":0,"publisher":{"@id":"https:\/\/kawsachunnews.com\/w\/#organization"},"image":{"@id":"https:\/\/kawsachunnews.com\/w\/buffy-the-vampire-slayer-actor-devastated-by-grueling-scene-filmed-24-years-ago\/#primaryimage"},"thumbnailUrl":"https:\/\/kawsachunnews.com\/w\/wp-content\/uploads\/2025\/09\/Buffy-the-Vampire-Slayer-Actor-Devastated-by-Grueling-Scene-Filmed.jpg","articleSection":["TV"],"inLanguage":"en-US","potentialAction":[{"@type":"CommentAction","name":"Comment","target":["https:\/\/kawsachunnews.com\/w\/buffy-the-vampire-slayer-actor-devastated-by-grueling-scene-filmed-24-years-ago\/#respond"]}]},{"@type":"WebPage","@id":"https:\/\/kawsachunnews.com\/w\/buffy-the-vampire-slayer-actor-devastated-by-grueling-scene-filmed-24-years-ago\/","url":"https:\/\/kawsachunnews.com\/w\/buffy-the-vampire-slayer-actor-devastated-by-grueling-scene-filmed-24-years-ago\/","name":"\"Buffy the Vampire Slayer\" Actor Devastated by Grueling Scene Filmed 24 Years Ago! - Kawsachun News -","isPartOf":{"@id":"https:\/\/kawsachunnews.com\/w\/#website"},"primaryImageOfPage":{"@id":"https:\/\/kawsachunnews.com\/w\/buffy-the-vampire-slayer-actor-devastated-by-grueling-scene-filmed-24-years-ago\/#primaryimage"},"image":{"@id":"https:\/\/kawsachunnews.com\/w\/buffy-the-vampire-slayer-actor-devastated-by-grueling-scene-filmed-24-years-ago\/#primaryimage"},"thumbnailUrl":"https:\/\/kawsachunnews.com\/w\/wp-content\/uploads\/2025\/09\/Buffy-the-Vampire-Slayer-Actor-Devastated-by-Grueling-Scene-Filmed.jpg","datePublished":"2025-09-09T05:21:53+00:00","dateModified":"2025-09-09T05:21:54+00:00","breadcrumb":{"@id":"https:\/\/kawsachunnews.com\/w\/buffy-the-vampire-slayer-actor-devastated-by-grueling-scene-filmed-24-years-ago\/#breadcrumb"},"inLanguage":"en-US","potentialAction":[{"@type":"ReadAction","target":["https:\/\/kawsachunnews.com\/w\/buffy-the-vampire-slayer-actor-devastated-by-grueling-scene-filmed-24-years-ago\/"]}]},{"@type":"ImageObject","inLanguage":"en-US","@id":"https:\/\/kawsachunnews.com\/w\/buffy-the-vampire-slayer-actor-devastated-by-grueling-scene-filmed-24-years-ago\/#primaryimage","url":"https:\/\/kawsachunnews.com\/w\/wp-content\/uploads\/2025\/09\/Buffy-the-Vampire-Slayer-Actor-Devastated-by-Grueling-Scene-Filmed.jpg","contentUrl":"https:\/\/kawsachunnews.com\/w\/wp-content\/uploads\/2025\/09\/Buffy-the-Vampire-Slayer-Actor-Devastated-by-Grueling-Scene-Filmed.jpg","width":1280,"height":720,"caption":"\"Buffy m'a an\u00e9anti\" : cet acteur garde un tr\u00e8s mauvais souvenir d'une sc\u00e8ne \u00e9prouvante tourn\u00e9e il y a 24 ans"},{"@type":"BreadcrumbList","@id":"https:\/\/kawsachunnews.com\/w\/buffy-the-vampire-slayer-actor-devastated-by-grueling-scene-filmed-24-years-ago\/#breadcrumb","itemListElement":[{"@type":"ListItem","position":1,"name":"Accueil","item":"https:\/\/kawsachunnews.com\/w\/"},{"@type":"ListItem","position":2,"name":"&#8220;Buffy the Vampire Slayer&#8221; Actor Devastated by Grueling Scene Filmed 24 Years Ago!"}]},{"@type":"WebSite","@id":"https:\/\/kawsachunnews.com\/w\/#website","url":"https:\/\/kawsachunnews.com\/w\/","name":"Kawsachun News -","description":"","publisher":{"@id":"https:\/\/kawsachunnews.com\/w\/#organization"},"potentialAction":[{"@type":"SearchAction","target":{"@type":"EntryPoint","urlTemplate":"https:\/\/kawsachunnews.com\/w\/?s={search_term_string}"},"query-input":{"@type":"PropertyValueSpecification","valueRequired":true,"valueName":"search_term_string"}}],"inLanguage":"en-US"},{"@type":"Organization","@id":"https:\/\/kawsachunnews.com\/w\/#organization","name":"Kawsachun News -","url":"https:\/\/kawsachunnews.com\/w\/","logo":{"@type":"ImageObject","inLanguage":"en-US","@id":"https:\/\/kawsachunnews.com\/w\/#\/schema\/logo\/image\/","url":"https:\/\/kawsachunnews.com\/w\/wp-content\/uploads\/2024\/09\/kawsachunnews-logo-406-2.jpg","contentUrl":"https:\/\/kawsachunnews.com\/w\/wp-content\/uploads\/2024\/09\/kawsachunnews-logo-406-2.jpg","width":406,"height":72,"caption":"Kawsachun News -"},"image":{"@id":"https:\/\/kawsachunnews.com\/w\/#\/schema\/logo\/image\/"}},{"@type":"Person","@id":"https:\/\/kawsachunnews.com\/w\/#\/schema\/person\/320320f0951ff2b525aa3fd822593170","name":"Iris Lennox","image":{"@type":"ImageObject","inLanguage":"en-US","@id":"https:\/\/kawsachunnews.com\/w\/#\/schema\/person\/image\/","url":"https:\/\/secure.gravatar.com\/avatar\/521a95248ab257bc48d343b1e5caafbd?s=96&d=mm&r=g","contentUrl":"https:\/\/secure.gravatar.com\/avatar\/521a95248ab257bc48d343b1e5caafbd?s=96&d=mm&r=g","caption":"Iris Lennox"},"description":"A passionate journalist, Iris Lennox covers social and cultural news across the U.S.","url":"https:\/\/kawsachunnews.com\/w\/author\/iris-lennox\/"}]}},"_links":{"self":[{"href":"https:\/\/kawsachunnews.com\/w\/wp-json\/wp\/v2\/posts\/6738","targetHints":{"allow":["GET"]}}],"collection":[{"href":"https:\/\/kawsachunnews.com\/w\/wp-json\/wp\/v2\/posts"}],"about":[{"href":"https:\/\/kawsachunnews.com\/w\/wp-json\/wp\/v2\/types\/post"}],"author":[{"embeddable":true,"href":"https:\/\/kawsachunnews.com\/w\/wp-json\/wp\/v2\/users\/17"}],"replies":[{"embeddable":true,"href":"https:\/\/kawsachunnews.com\/w\/wp-json\/wp\/v2\/comments?post=6738"}],"version-history":[{"count":1,"href":"https:\/\/kawsachunnews.com\/w\/wp-json\/wp\/v2\/posts\/6738\/revisions"}],"predecessor-version":[{"id":6740,"href":"https:\/\/kawsachunnews.com\/w\/wp-json\/wp\/v2\/posts\/6738\/revisions\/6740"}],"wp:featuredmedia":[{"embeddable":true,"href":"https:\/\/kawsachunnews.com\/w\/wp-json\/wp\/v2\/media\/6739"}],"wp:attachment":[{"href":"https:\/\/kawsachunnews.com\/w\/wp-json\/wp\/v2\/media?parent=6738"}],"wp:term":[{"taxonomy":"category","embeddable":true,"href":"https:\/\/kawsachunnews.com\/w\/wp-json\/wp\/v2\/categories?post=6738"},{"taxonomy":"post_tag","embeddable":true,"href":"https:\/\/kawsachunnews.com\/w\/wp-json\/wp\/v2\/tags?post=6738"}],"curies":[{"name":"wp","href":"https:\/\/api.w.org\/{rel}","templated":true}]}}