{"id":6816,"date":"2025-09-14T09:43:33","date_gmt":"2025-09-14T13:43:33","guid":{"rendered":"https:\/\/kawsachunnews.com\/w\/pierre-richard-terrified-to-work-with-legendary-french-actor-55-years-ago\/"},"modified":"2025-09-14T09:43:36","modified_gmt":"2025-09-14T13:43:36","slug":"pierre-richard-terrified-to-work-with-legendary-french-actor-55-years-ago","status":"publish","type":"post","link":"https:\/\/kawsachunnews.com\/w\/pierre-richard-terrified-to-work-with-legendary-french-actor-55-years-ago\/","title":{"rendered":"Pierre Richard Terrified to Work With Legendary French Actor 55 Years Ago!"},"content":{"rendered":"<article id=\"article-container\" class=\"article-container\">\n<p class=\"article-lead\">Pierre Richard, whose upcoming movie \u201cThe Man Who Saw the Bear That Saw the Man\u201d is set to hit theaters soon, recently shared insights from his time working with Bernard Blier on the set of &#8220;The Distracted Man.&#8221; He fondly recalls the actor&#8217;s notorious stubbornness.<\/p>\n<div id=\"article-content\" class=\"article-content\"><\/p>\n<p class=\"bo-p\">Legendary French actor Pierre Richard, now 91, is gearing up for the release of \u201cThe Man Who Saw the Bear That Saw the Man\u201d on September 17. As he embarks on a promotional tour, Richard reflects on his illustrious career. <span class=\"ACraHRACr0cHM6Ly93d3cucmFkaW9mcmFuY2UuZnIvZnJhbmNlY3VsdHVyZS9wb2RjYXN0cy9hLXZvaXgtbnVlL3QtZXMtcGFzLWNvbWVkaWVuLXQtZXMtdW4tcGVyc29ubmFnZS1mYWlzLXRvbi1jaW5lbWEtdG9pLW1lbWUtNzExMzg5Ng== bo-link\" target=\"_blank\" rel=\"noopener\">During a recent podcast appearance on France Inter\u2019s \u00c0 voix nue<\/span>, he discussed his breakout hit, &#8220;The Distracted Man,&#8221; a comedy he directed featuring the well-known Bernard Blier.<\/p>\n<p><\/p>\n<p class=\"bo-p\"><i>\u201cI adored Bernard, but I was quite intimidated at the start,\u201d<\/i> recalls Pierre Richard, whose role was later played by Tom Hanks in a lesser-known American remake. <i>\u201cHe had been in 103 films; it was my first, and he was under my direction. It\u2019s not easy to say &#8216;Cut! Bernard, that wasn\u2019t good; you can do better.&#8217; I was terrified of him, especially since he had a reputation for being somewhat difficult. One day, I told him &#8216;You know, you have a reputation for being mean.&#8217; He replied &#8216;I\u2019m not mean, I just don\u2019t like fools!&#8217;\u201d<\/i><\/p>\n<p class=\"bo-p\">Richard fondly remembers working with the unforgettable star of &#8220;Les Tontons flingueurs.&#8221; <i>\u201cHe was the most obstinately unreasonable man I have ever met. To such a degree, it becomes poetic,\u201d<\/i> he says with a smile, before sharing an anecdote that illustrates this trait.<\/p>\n<p><\/p>\n<p class=\"bo-p\"><i>\u201cOne morning, he arrived with a long monologue to deliver in a lengthy corridor,\u201d<\/i> Richard recounts. <i>\u201cHe suggested, &#8216;What if I had a folder?&#8217; I asked him &#8216;Bernard, why a folder?&#8217; And he said, &#8216;Because I\u2019m a president. A company president always has a folder!&#8217; So, I told my assistant to give Bernard a folder. Bernard went off to makeup, and the assistant, checking to see if he had left, tells me &#8216;He doesn\u2019t know his lines. When he doesn\u2019t know his lines, he asks for a folder and puts the script inside.&#8217; And it was true!\u201d<\/i><\/p>\n<h2 class=\"bo-h2\">&#8220;It\u2019s Not a Gap, It&#8217;s a Pause!&#8221;<\/h2>\n<p><\/p>\n<p class=\"bo-p\">Richard vividly describes the filming of the infamous monologue scene, which was interrupted repeatedly because Bernard Blier, clumsily trying to read his hidden script while walking, kept hesitating, forcing the rookie filmmaker to cut the shoot.<\/p>\n<p><\/p>\n<p class=\"bo-p\"><i>\u201cBernard asked me &#8216;Why did you cut?&#8217; I answered &#8216;There was a pause, I thought you\u2019d forgotten your lines.&#8217; Then he said &#8216;It\u2019s not a gap, it&#8217;s a pause.&#8217; He turned to the crew and, looking at me, exclaimed, &#8216;Such dishonesty!&#8217;\u201d<\/i> laughs Pierre Richard. Yet, he ultimately affirms that despite this flaw, which made them reshoot the scene 18 times, Bernard Blier was <i>\u201can incredible actor.\u201d<\/i><\/p>\n<p><\/p>\n<p class=\"bo-p\">Released in theaters in 1970, &#8220;The Distracted Man&#8221; stars Pierre Richard as a clumsy and absent-minded young man working in an advertising agency run by Bernard Blier. The comedy was a big hit, drawing over 1.4 million viewers in France alone and kickstarting Richard\u2019s career, which continued with &#8220;The Tall Blond Man with One Black Shoe&#8221; two years later.<\/p>\n<p><\/p>\n<p class=\"bo-p\"><b>Trailer for &#8220;The Distracted Man&#8221;:<\/b><\/p>\n<\/div>\n<\/article>\n\n\n<div class=\"kk-star-ratings kksr-auto kksr-align-left kksr-valign-bottom\"\n    data-payload='{&quot;align&quot;:&quot;left&quot;,&quot;id&quot;:&quot;6816&quot;,&quot;slug&quot;:&quot;default&quot;,&quot;valign&quot;:&quot;bottom&quot;,&quot;ignore&quot;:&quot;&quot;,&quot;reference&quot;:&quot;auto&quot;,&quot;class&quot;:&quot;&quot;,&quot;count&quot;:&quot;0&quot;,&quot;legendonly&quot;:&quot;&quot;,&quot;readonly&quot;:&quot;&quot;,&quot;score&quot;:&quot;0&quot;,&quot;starsonly&quot;:&quot;&quot;,&quot;best&quot;:&quot;5&quot;,&quot;gap&quot;:&quot;5&quot;,&quot;greet&quot;:&quot;Rate this post&quot;,&quot;legend&quot;:&quot;0\\\/5 - (0 votes)&quot;,&quot;size&quot;:&quot;22&quot;,&quot;title&quot;:&quot;Pierre Richard Terrified to Work With Legendary French Actor 55 Years Ago!&quot;,&quot;width&quot;:&quot;0&quot;,&quot;_legend&quot;:&quot;{score}\\\/{best} - ({count} {votes})&quot;,&quot;font_factor&quot;:&quot;1.25&quot;}'>\n            \n<div class=\"kksr-stars\">\n    \n<div class=\"kksr-stars-inactive\">\n            <div class=\"kksr-star\" data-star=\"1\" style=\"padding-right: 5px\">\n            \n\n<div class=\"kksr-icon\" style=\"width: 22px; height: 22px;\"><\/div>\n        <\/div>\n            <div class=\"kksr-star\" data-star=\"2\" style=\"padding-right: 5px\">\n            \n\n<div class=\"kksr-icon\" style=\"width: 22px; height: 22px;\"><\/div>\n        <\/div>\n            <div class=\"kksr-star\" data-star=\"3\" style=\"padding-right: 5px\">\n            \n\n<div class=\"kksr-icon\" style=\"width: 22px; height: 22px;\"><\/div>\n        <\/div>\n            <div class=\"kksr-star\" data-star=\"4\" style=\"padding-right: 5px\">\n            \n\n<div class=\"kksr-icon\" style=\"width: 22px; height: 22px;\"><\/div>\n        <\/div>\n            <div class=\"kksr-star\" data-star=\"5\" style=\"padding-right: 5px\">\n            \n\n<div class=\"kksr-icon\" style=\"width: 22px; height: 22px;\"><\/div>\n        <\/div>\n    <\/div>\n    \n<div class=\"kksr-stars-active\" style=\"width: 0px;\">\n            <div class=\"kksr-star\" style=\"padding-right: 5px\">\n            \n\n<div class=\"kksr-icon\" style=\"width: 22px; height: 22px;\"><\/div>\n        <\/div>\n            <div class=\"kksr-star\" style=\"padding-right: 5px\">\n            \n\n<div class=\"kksr-icon\" style=\"width: 22px; height: 22px;\"><\/div>\n        <\/div>\n            <div class=\"kksr-star\" style=\"padding-right: 5px\">\n            \n\n<div class=\"kksr-icon\" style=\"width: 22px; height: 22px;\"><\/div>\n        <\/div>\n            <div class=\"kksr-star\" style=\"padding-right: 5px\">\n            \n\n<div class=\"kksr-icon\" style=\"width: 22px; height: 22px;\"><\/div>\n        <\/div>\n            <div class=\"kksr-star\" style=\"padding-right: 5px\">\n            \n\n<div class=\"kksr-icon\" style=\"width: 22px; height: 22px;\"><\/div>\n        <\/div>\n    <\/div>\n<\/div>\n                \n\n<div class=\"kksr-legend\" style=\"font-size: 17.6px;\">\n            <span class=\"kksr-muted\">Rate this post<\/span>\n    <\/div>\n    <\/div>\n","protected":false},"excerpt":{"rendered":"<p>Pierre Richard, whose upcoming movie \u201cThe Man Who Saw the Bear That Saw the Man\u201d is set to hit theaters soon, recently shared insights from his &#8230; <a title=\"Pierre Richard Terrified to Work With Legendary French Actor 55 Years Ago!\" class=\"read-more\" href=\"https:\/\/kawsachunnews.com\/w\/pierre-richard-terrified-to-work-with-legendary-french-actor-55-years-ago\/\" aria-label=\"Read more about Pierre Richard Terrified to Work With Legendary French Actor 55 Years Ago!\">Continue Reading &rarr;<\/a><\/p>\n","protected":false},"author":17,"featured_media":6817,"comment_status":"open","ping_status":"open","sticky":false,"template":"","format":"standard","meta":{"footnotes":""},"categories":[14],"tags":[],"class_list":["post-6816","post","type-post","status-publish","format-standard","has-post-thumbnail","hentry","category-tv"],"yoast_head":"<!-- This site is optimized with the Yoast SEO plugin v26.8 - https:\/\/yoast.com\/product\/yoast-seo-wordpress\/ -->\n<title>Pierre Richard Terrified to Work With Legendary French Actor 55 Years Ago! - Kawsachun News -<\/title>\n<meta name=\"robots\" content=\"index, follow, max-snippet:-1, max-image-preview:large, max-video-preview:-1\" \/>\n<link rel=\"canonical\" href=\"https:\/\/kawsachunnews.com\/w\/pierre-richard-terrified-to-work-with-legendary-french-actor-55-years-ago\/\" \/>\n<meta property=\"og:locale\" content=\"en_US\" \/>\n<meta property=\"og:type\" content=\"article\" \/>\n<meta property=\"og:title\" content=\"Pierre Richard Terrified to Work With Legendary French Actor 55 Years Ago! - Kawsachun News -\" \/>\n<meta property=\"og:description\" content=\"Pierre Richard, whose upcoming movie \u201cThe Man Who Saw the Bear That Saw the Man\u201d is set to hit theaters soon, recently shared insights from his ... Continue Reading &rarr;\" \/>\n<meta property=\"og:url\" content=\"https:\/\/kawsachunnews.com\/w\/pierre-richard-terrified-to-work-with-legendary-french-actor-55-years-ago\/\" \/>\n<meta property=\"og:site_name\" content=\"Kawsachun News -\" \/>\n<meta property=\"article:published_time\" content=\"2025-09-14T13:43:33+00:00\" \/>\n<meta property=\"article:modified_time\" content=\"2025-09-14T13:43:36+00:00\" \/>\n<meta property=\"og:image\" content=\"https:\/\/kawsachunnews.com\/w\/wp-content\/uploads\/2025\/09\/Pierre-Richard-Terrified-to-Work-With-Legendary-French-Actor-55.jpg\" \/>\n\t<meta property=\"og:image:width\" content=\"1280\" \/>\n\t<meta property=\"og:image:height\" content=\"720\" \/>\n\t<meta property=\"og:image:type\" content=\"image\/jpeg\" \/>\n<meta name=\"author\" content=\"Iris Lennox\" \/>\n<meta name=\"twitter:card\" content=\"summary_large_image\" \/>\n<meta name=\"twitter:label1\" content=\"Written by\" \/>\n\t<meta name=\"twitter:data1\" content=\"Iris Lennox\" \/>\n\t<meta name=\"twitter:label2\" content=\"Est. reading time\" \/>\n\t<meta name=\"twitter:data2\" content=\"3 minutes\" \/>\n<script type=\"application\/ld+json\" class=\"yoast-schema-graph\">{\"@context\":\"https:\/\/schema.org\",\"@graph\":[{\"@type\":\"Article\",\"@id\":\"https:\/\/kawsachunnews.com\/w\/pierre-richard-terrified-to-work-with-legendary-french-actor-55-years-ago\/#article\",\"isPartOf\":{\"@id\":\"https:\/\/kawsachunnews.com\/w\/pierre-richard-terrified-to-work-with-legendary-french-actor-55-years-ago\/\"},\"author\":{\"name\":\"Iris Lennox\",\"@id\":\"https:\/\/kawsachunnews.com\/w\/#\/schema\/person\/320320f0951ff2b525aa3fd822593170\"},\"headline\":\"Pierre Richard Terrified to Work With Legendary French Actor 55 Years Ago!\",\"datePublished\":\"2025-09-14T13:43:33+00:00\",\"dateModified\":\"2025-09-14T13:43:36+00:00\",\"mainEntityOfPage\":{\"@id\":\"https:\/\/kawsachunnews.com\/w\/pierre-richard-terrified-to-work-with-legendary-french-actor-55-years-ago\/\"},\"wordCount\":541,\"commentCount\":0,\"publisher\":{\"@id\":\"https:\/\/kawsachunnews.com\/w\/#organization\"},\"image\":{\"@id\":\"https:\/\/kawsachunnews.com\/w\/pierre-richard-terrified-to-work-with-legendary-french-actor-55-years-ago\/#primaryimage\"},\"thumbnailUrl\":\"https:\/\/kawsachunnews.com\/w\/wp-content\/uploads\/2025\/09\/Pierre-Richard-Terrified-to-Work-With-Legendary-French-Actor-55.jpg\",\"articleSection\":[\"TV\"],\"inLanguage\":\"en-US\",\"potentialAction\":[{\"@type\":\"CommentAction\",\"name\":\"Comment\",\"target\":[\"https:\/\/kawsachunnews.com\/w\/pierre-richard-terrified-to-work-with-legendary-french-actor-55-years-ago\/#respond\"]}]},{\"@type\":\"WebPage\",\"@id\":\"https:\/\/kawsachunnews.com\/w\/pierre-richard-terrified-to-work-with-legendary-french-actor-55-years-ago\/\",\"url\":\"https:\/\/kawsachunnews.com\/w\/pierre-richard-terrified-to-work-with-legendary-french-actor-55-years-ago\/\",\"name\":\"Pierre Richard Terrified to Work With Legendary French Actor 55 Years Ago! - Kawsachun News -\",\"isPartOf\":{\"@id\":\"https:\/\/kawsachunnews.com\/w\/#website\"},\"primaryImageOfPage\":{\"@id\":\"https:\/\/kawsachunnews.com\/w\/pierre-richard-terrified-to-work-with-legendary-french-actor-55-years-ago\/#primaryimage\"},\"image\":{\"@id\":\"https:\/\/kawsachunnews.com\/w\/pierre-richard-terrified-to-work-with-legendary-french-actor-55-years-ago\/#primaryimage\"},\"thumbnailUrl\":\"https:\/\/kawsachunnews.com\/w\/wp-content\/uploads\/2025\/09\/Pierre-Richard-Terrified-to-Work-With-Legendary-French-Actor-55.jpg\",\"datePublished\":\"2025-09-14T13:43:33+00:00\",\"dateModified\":\"2025-09-14T13:43:36+00:00\",\"breadcrumb\":{\"@id\":\"https:\/\/kawsachunnews.com\/w\/pierre-richard-terrified-to-work-with-legendary-french-actor-55-years-ago\/#breadcrumb\"},\"inLanguage\":\"en-US\",\"potentialAction\":[{\"@type\":\"ReadAction\",\"target\":[\"https:\/\/kawsachunnews.com\/w\/pierre-richard-terrified-to-work-with-legendary-french-actor-55-years-ago\/\"]}]},{\"@type\":\"ImageObject\",\"inLanguage\":\"en-US\",\"@id\":\"https:\/\/kawsachunnews.com\/w\/pierre-richard-terrified-to-work-with-legendary-french-actor-55-years-ago\/#primaryimage\",\"url\":\"https:\/\/kawsachunnews.com\/w\/wp-content\/uploads\/2025\/09\/Pierre-Richard-Terrified-to-Work-With-Legendary-French-Actor-55.jpg\",\"contentUrl\":\"https:\/\/kawsachunnews.com\/w\/wp-content\/uploads\/2025\/09\/Pierre-Richard-Terrified-to-Work-With-Legendary-French-Actor-55.jpg\",\"width\":1280,\"height\":720,\"caption\":\"\\\"J'\u00e9tais terroris\u00e9 par lui\\\" : il y a 55 ans, Pierre Richard \u00e9tait intimid\u00e9 \u00e0 l'id\u00e9e de travailler avec ce l\u00e9gendaire acteur fran\u00e7ais\"},{\"@type\":\"BreadcrumbList\",\"@id\":\"https:\/\/kawsachunnews.com\/w\/pierre-richard-terrified-to-work-with-legendary-french-actor-55-years-ago\/#breadcrumb\",\"itemListElement\":[{\"@type\":\"ListItem\",\"position\":1,\"name\":\"Accueil\",\"item\":\"https:\/\/kawsachunnews.com\/w\/\"},{\"@type\":\"ListItem\",\"position\":2,\"name\":\"Pierre Richard Terrified to Work With Legendary French Actor 55 Years Ago!\"}]},{\"@type\":\"WebSite\",\"@id\":\"https:\/\/kawsachunnews.com\/w\/#website\",\"url\":\"https:\/\/kawsachunnews.com\/w\/\",\"name\":\"Kawsachun News -\",\"description\":\"\",\"publisher\":{\"@id\":\"https:\/\/kawsachunnews.com\/w\/#organization\"},\"potentialAction\":[{\"@type\":\"SearchAction\",\"target\":{\"@type\":\"EntryPoint\",\"urlTemplate\":\"https:\/\/kawsachunnews.com\/w\/?s={search_term_string}\"},\"query-input\":{\"@type\":\"PropertyValueSpecification\",\"valueRequired\":true,\"valueName\":\"search_term_string\"}}],\"inLanguage\":\"en-US\"},{\"@type\":\"Organization\",\"@id\":\"https:\/\/kawsachunnews.com\/w\/#organization\",\"name\":\"Kawsachun News -\",\"url\":\"https:\/\/kawsachunnews.com\/w\/\",\"logo\":{\"@type\":\"ImageObject\",\"inLanguage\":\"en-US\",\"@id\":\"https:\/\/kawsachunnews.com\/w\/#\/schema\/logo\/image\/\",\"url\":\"https:\/\/kawsachunnews.com\/w\/wp-content\/uploads\/2024\/09\/kawsachunnews-logo-406-2.jpg\",\"contentUrl\":\"https:\/\/kawsachunnews.com\/w\/wp-content\/uploads\/2024\/09\/kawsachunnews-logo-406-2.jpg\",\"width\":406,\"height\":72,\"caption\":\"Kawsachun News -\"},\"image\":{\"@id\":\"https:\/\/kawsachunnews.com\/w\/#\/schema\/logo\/image\/\"}},{\"@type\":\"Person\",\"@id\":\"https:\/\/kawsachunnews.com\/w\/#\/schema\/person\/320320f0951ff2b525aa3fd822593170\",\"name\":\"Iris Lennox\",\"image\":{\"@type\":\"ImageObject\",\"inLanguage\":\"en-US\",\"@id\":\"https:\/\/kawsachunnews.com\/w\/#\/schema\/person\/image\/\",\"url\":\"https:\/\/secure.gravatar.com\/avatar\/521a95248ab257bc48d343b1e5caafbd?s=96&d=mm&r=g\",\"contentUrl\":\"https:\/\/secure.gravatar.com\/avatar\/521a95248ab257bc48d343b1e5caafbd?s=96&d=mm&r=g\",\"caption\":\"Iris Lennox\"},\"description\":\"A passionate journalist, Iris Lennox covers social and cultural news across the U.S.\",\"url\":\"https:\/\/kawsachunnews.com\/w\/author\/iris-lennox\/\"}]}<\/script>\n<!-- \/ Yoast SEO plugin. -->","yoast_head_json":{"title":"Pierre Richard Terrified to Work With Legendary French Actor 55 Years Ago! - Kawsachun News -","robots":{"index":"index","follow":"follow","max-snippet":"max-snippet:-1","max-image-preview":"max-image-preview:large","max-video-preview":"max-video-preview:-1"},"canonical":"https:\/\/kawsachunnews.com\/w\/pierre-richard-terrified-to-work-with-legendary-french-actor-55-years-ago\/","og_locale":"en_US","og_type":"article","og_title":"Pierre Richard Terrified to Work With Legendary French Actor 55 Years Ago! - Kawsachun News -","og_description":"Pierre Richard, whose upcoming movie \u201cThe Man Who Saw the Bear That Saw the Man\u201d is set to hit theaters soon, recently shared insights from his ... Continue Reading &rarr;","og_url":"https:\/\/kawsachunnews.com\/w\/pierre-richard-terrified-to-work-with-legendary-french-actor-55-years-ago\/","og_site_name":"Kawsachun News -","article_published_time":"2025-09-14T13:43:33+00:00","article_modified_time":"2025-09-14T13:43:36+00:00","og_image":[{"width":1280,"height":720,"url":"https:\/\/kawsachunnews.com\/w\/wp-content\/uploads\/2025\/09\/Pierre-Richard-Terrified-to-Work-With-Legendary-French-Actor-55.jpg","type":"image\/jpeg"}],"author":"Iris Lennox","twitter_card":"summary_large_image","twitter_misc":{"Written by":"Iris Lennox","Est. reading time":"3 minutes"},"schema":{"@context":"https:\/\/schema.org","@graph":[{"@type":"Article","@id":"https:\/\/kawsachunnews.com\/w\/pierre-richard-terrified-to-work-with-legendary-french-actor-55-years-ago\/#article","isPartOf":{"@id":"https:\/\/kawsachunnews.com\/w\/pierre-richard-terrified-to-work-with-legendary-french-actor-55-years-ago\/"},"author":{"name":"Iris Lennox","@id":"https:\/\/kawsachunnews.com\/w\/#\/schema\/person\/320320f0951ff2b525aa3fd822593170"},"headline":"Pierre Richard Terrified to Work With Legendary French Actor 55 Years Ago!","datePublished":"2025-09-14T13:43:33+00:00","dateModified":"2025-09-14T13:43:36+00:00","mainEntityOfPage":{"@id":"https:\/\/kawsachunnews.com\/w\/pierre-richard-terrified-to-work-with-legendary-french-actor-55-years-ago\/"},"wordCount":541,"commentCount":0,"publisher":{"@id":"https:\/\/kawsachunnews.com\/w\/#organization"},"image":{"@id":"https:\/\/kawsachunnews.com\/w\/pierre-richard-terrified-to-work-with-legendary-french-actor-55-years-ago\/#primaryimage"},"thumbnailUrl":"https:\/\/kawsachunnews.com\/w\/wp-content\/uploads\/2025\/09\/Pierre-Richard-Terrified-to-Work-With-Legendary-French-Actor-55.jpg","articleSection":["TV"],"inLanguage":"en-US","potentialAction":[{"@type":"CommentAction","name":"Comment","target":["https:\/\/kawsachunnews.com\/w\/pierre-richard-terrified-to-work-with-legendary-french-actor-55-years-ago\/#respond"]}]},{"@type":"WebPage","@id":"https:\/\/kawsachunnews.com\/w\/pierre-richard-terrified-to-work-with-legendary-french-actor-55-years-ago\/","url":"https:\/\/kawsachunnews.com\/w\/pierre-richard-terrified-to-work-with-legendary-french-actor-55-years-ago\/","name":"Pierre Richard Terrified to Work With Legendary French Actor 55 Years Ago! - Kawsachun News -","isPartOf":{"@id":"https:\/\/kawsachunnews.com\/w\/#website"},"primaryImageOfPage":{"@id":"https:\/\/kawsachunnews.com\/w\/pierre-richard-terrified-to-work-with-legendary-french-actor-55-years-ago\/#primaryimage"},"image":{"@id":"https:\/\/kawsachunnews.com\/w\/pierre-richard-terrified-to-work-with-legendary-french-actor-55-years-ago\/#primaryimage"},"thumbnailUrl":"https:\/\/kawsachunnews.com\/w\/wp-content\/uploads\/2025\/09\/Pierre-Richard-Terrified-to-Work-With-Legendary-French-Actor-55.jpg","datePublished":"2025-09-14T13:43:33+00:00","dateModified":"2025-09-14T13:43:36+00:00","breadcrumb":{"@id":"https:\/\/kawsachunnews.com\/w\/pierre-richard-terrified-to-work-with-legendary-french-actor-55-years-ago\/#breadcrumb"},"inLanguage":"en-US","potentialAction":[{"@type":"ReadAction","target":["https:\/\/kawsachunnews.com\/w\/pierre-richard-terrified-to-work-with-legendary-french-actor-55-years-ago\/"]}]},{"@type":"ImageObject","inLanguage":"en-US","@id":"https:\/\/kawsachunnews.com\/w\/pierre-richard-terrified-to-work-with-legendary-french-actor-55-years-ago\/#primaryimage","url":"https:\/\/kawsachunnews.com\/w\/wp-content\/uploads\/2025\/09\/Pierre-Richard-Terrified-to-Work-With-Legendary-French-Actor-55.jpg","contentUrl":"https:\/\/kawsachunnews.com\/w\/wp-content\/uploads\/2025\/09\/Pierre-Richard-Terrified-to-Work-With-Legendary-French-Actor-55.jpg","width":1280,"height":720,"caption":"\"J'\u00e9tais terroris\u00e9 par lui\" : il y a 55 ans, Pierre Richard \u00e9tait intimid\u00e9 \u00e0 l'id\u00e9e de travailler avec ce l\u00e9gendaire acteur fran\u00e7ais"},{"@type":"BreadcrumbList","@id":"https:\/\/kawsachunnews.com\/w\/pierre-richard-terrified-to-work-with-legendary-french-actor-55-years-ago\/#breadcrumb","itemListElement":[{"@type":"ListItem","position":1,"name":"Accueil","item":"https:\/\/kawsachunnews.com\/w\/"},{"@type":"ListItem","position":2,"name":"Pierre Richard Terrified to Work With Legendary French Actor 55 Years Ago!"}]},{"@type":"WebSite","@id":"https:\/\/kawsachunnews.com\/w\/#website","url":"https:\/\/kawsachunnews.com\/w\/","name":"Kawsachun News -","description":"","publisher":{"@id":"https:\/\/kawsachunnews.com\/w\/#organization"},"potentialAction":[{"@type":"SearchAction","target":{"@type":"EntryPoint","urlTemplate":"https:\/\/kawsachunnews.com\/w\/?s={search_term_string}"},"query-input":{"@type":"PropertyValueSpecification","valueRequired":true,"valueName":"search_term_string"}}],"inLanguage":"en-US"},{"@type":"Organization","@id":"https:\/\/kawsachunnews.com\/w\/#organization","name":"Kawsachun News -","url":"https:\/\/kawsachunnews.com\/w\/","logo":{"@type":"ImageObject","inLanguage":"en-US","@id":"https:\/\/kawsachunnews.com\/w\/#\/schema\/logo\/image\/","url":"https:\/\/kawsachunnews.com\/w\/wp-content\/uploads\/2024\/09\/kawsachunnews-logo-406-2.jpg","contentUrl":"https:\/\/kawsachunnews.com\/w\/wp-content\/uploads\/2024\/09\/kawsachunnews-logo-406-2.jpg","width":406,"height":72,"caption":"Kawsachun News -"},"image":{"@id":"https:\/\/kawsachunnews.com\/w\/#\/schema\/logo\/image\/"}},{"@type":"Person","@id":"https:\/\/kawsachunnews.com\/w\/#\/schema\/person\/320320f0951ff2b525aa3fd822593170","name":"Iris Lennox","image":{"@type":"ImageObject","inLanguage":"en-US","@id":"https:\/\/kawsachunnews.com\/w\/#\/schema\/person\/image\/","url":"https:\/\/secure.gravatar.com\/avatar\/521a95248ab257bc48d343b1e5caafbd?s=96&d=mm&r=g","contentUrl":"https:\/\/secure.gravatar.com\/avatar\/521a95248ab257bc48d343b1e5caafbd?s=96&d=mm&r=g","caption":"Iris Lennox"},"description":"A passionate journalist, Iris Lennox covers social and cultural news across the U.S.","url":"https:\/\/kawsachunnews.com\/w\/author\/iris-lennox\/"}]}},"_links":{"self":[{"href":"https:\/\/kawsachunnews.com\/w\/wp-json\/wp\/v2\/posts\/6816","targetHints":{"allow":["GET"]}}],"collection":[{"href":"https:\/\/kawsachunnews.com\/w\/wp-json\/wp\/v2\/posts"}],"about":[{"href":"https:\/\/kawsachunnews.com\/w\/wp-json\/wp\/v2\/types\/post"}],"author":[{"embeddable":true,"href":"https:\/\/kawsachunnews.com\/w\/wp-json\/wp\/v2\/users\/17"}],"replies":[{"embeddable":true,"href":"https:\/\/kawsachunnews.com\/w\/wp-json\/wp\/v2\/comments?post=6816"}],"version-history":[{"count":1,"href":"https:\/\/kawsachunnews.com\/w\/wp-json\/wp\/v2\/posts\/6816\/revisions"}],"predecessor-version":[{"id":6818,"href":"https:\/\/kawsachunnews.com\/w\/wp-json\/wp\/v2\/posts\/6816\/revisions\/6818"}],"wp:featuredmedia":[{"embeddable":true,"href":"https:\/\/kawsachunnews.com\/w\/wp-json\/wp\/v2\/media\/6817"}],"wp:attachment":[{"href":"https:\/\/kawsachunnews.com\/w\/wp-json\/wp\/v2\/media?parent=6816"}],"wp:term":[{"taxonomy":"category","embeddable":true,"href":"https:\/\/kawsachunnews.com\/w\/wp-json\/wp\/v2\/categories?post=6816"},{"taxonomy":"post_tag","embeddable":true,"href":"https:\/\/kawsachunnews.com\/w\/wp-json\/wp\/v2\/tags?post=6816"}],"curies":[{"name":"wp","href":"https:\/\/api.w.org\/{rel}","templated":true}]}}