{"id":7548,"date":"2025-11-19T21:54:25","date_gmt":"2025-11-20T01:54:25","guid":{"rendered":"https:\/\/kawsachunnews.com\/w\/20th-century-icon-gets-two-biopics-guillaume-canet-and-newly-revealed-belgian-star\/"},"modified":"2025-11-19T21:54:26","modified_gmt":"2025-11-20T01:54:26","slug":"20th-century-icon-gets-two-biopics-guillaume-canet-and-newly-revealed-belgian-star","status":"publish","type":"post","link":"https:\/\/kawsachunnews.com\/w\/20th-century-icon-gets-two-biopics-guillaume-canet-and-newly-revealed-belgian-star\/","title":{"rendered":"20th Century Icon Gets Two Biopics: Guillaume Canet and Newly Revealed Belgian Star!"},"content":{"rendered":"<article id=\"article-container\" class=\"article-container\"><\/p>\n<p class=\"article-lead\">One project may hide another! On one side, J\u00e9r\u00e9mie Renier, and on the other, Guillaume Canet. Both will portray this monumental 20th-century figure in upcoming films, highlighting the strong trend of French historical biopics.<\/p>\n<div id=\"article-content\" class=\"article-content\"><\/p>\n<figure class=\"article-figure article-main-figure\"><figcaption class=\"article-figcaption-copy\">Bestimage<\/figcaption>\n        <\/figure>\n<p class=\"bo-p\">In 2026 and 2027, brace yourselves for a surge of biopics about French historical figures. While we wait for the two-part movie about De Gaulle featuring Simon Abkarian, and Jean Moulin played by Gilles Lellouche, here comes not one, but two competing projects about Robert Badinter. Badinter, who passed away on February 9, 2024, at the age of 95, served as the Minister of Justice from 1981 to 1986 and was instrumental in abolishing the death penalty in 1981, marking a historical milestone.<\/p>\n<p><\/p>\n<p class=\"bo-p\">As revealed by Le Film Fran\u00e7ais on the cover of its latest weekly issue via a promotional poster, J\u00e9r\u00e9mie Renier will take on the role of Robert Badinter under the direction of Pierre Godeau.<\/p>\n<p><\/p>\n<p class=\"bo-p\">The film, simply titled Badinter, is set to release on November 11, 2026. Filming is scheduled to start in January next year, as indicated by current casting calls circulating online.<\/p>\n<p><\/p>\n<p class=\"bo-p\">This project was first announced several months ago in March 2024 by Le Film Fran\u00e7ais, but the lead actor had not been disclosed at the time.<\/p>\n<p><\/p>\n<p class=\"bo-p\">Back then, the producer described the project in the magazine, stating, &#8220;It aims to showcase the struggle of Robert Badinter, who was also the lawyer for Charlie Chaplin, Brigitte Bardot, and other prominent figures. He joined his colleague Philippe Lemaire at the latter&#8217;s request in the Buffet-Bontems case. Roger Bontems was sentenced to death even though he did not commit murder, and his execution spurred Robert Badinter&#8217;s campaign against the death penalty in France, despite public opinion being largely against abolition. Elisabeth Badinter was a total support to him during his fight.&#8221;<\/p>\n<p><\/p>\n<p class=\"bo-p\">The biopic will focus on this particular episode of his career. The film will be distributed by Pan Distribution and produced by Jean Nainchrik, who previously produced a two-part drama about Robert Badinter, L&#8217;Ex\u00e9cution and L&#8217;Abolition, directed by Jean-Daniel Verhaeghe and aired in 2009 on France 2.<\/p>\n<p><\/p>\n<h2 class=\"bo-h2\">One Project May Reveal Another<\/h2>\n<p><\/p>\n<p class=\"bo-p\">This Badinter biopic isn&#8217;t the only one in pre-production! As revealed by Path\u00e9 last May, another project led by Guillaume Canet is also set to be filmed in 2026.<\/p>\n<p><\/p>\n<p class=\"bo-p\">It is described as &#8220;the true story of the man who led the fight for the abolition of the death penalty in France. A remarkable destiny, a universal legacy.&#8221; This film will be written and directed by Simon Jacquet, previously the chief editor for L&#8217;Amour ouf, Ast\u00e9rix et Ob\u00e9lix: L&#8217;Empire du milieu, and Lui by Guillaume Canet, Le Grand Bain, and Mon Roi.<\/p>\n<p><\/p>\n<p class=\"bo-p\">After portraying \u00c9mile Zola in C\u00e9zanne et moi and Louis XVI in Le D\u00e9luge, Guillaume Canet will now also embody the former French Minister of Justice Robert Badinter. No release date has been announced yet. The film will be distributed by Path\u00e9 Films.<\/p>\n<p><\/p>\n<p class=\"bo-p\">Guillaume Canet is soon to start filming Fant\u00f4mas. In spring 2025, he directed the psychological thriller Karma. The cast includes Marion Cotillard, Denis M\u00e9nochet, Leonardo Sbaraglia, and Luis Zahera.<\/p>\n<p><\/p>\n<p class=\"bo-p\">It&#8217;s worth noting that France TV recently aired Badinter against the death penalty, the Patrick Henry trial. This is a re-enactment by the actors of the Com\u00e9die Fran\u00e7aise, directed by Caroline Du Saint, still available on the France TV platform.<\/p>\n<p>\n    <\/div>\n<p>\n<\/article>\n<p>\n<script async src=\"https:\/\/platform.twitter.com\/widgets.js\" charset=\"utf-8\"><\/script><br \/>\n<script async src=\"\/\/www.instagram.com\/embed.js\"><\/script><\/p>\n\n\n<div class=\"kk-star-ratings kksr-auto kksr-align-left kksr-valign-bottom\"\n    data-payload='{&quot;align&quot;:&quot;left&quot;,&quot;id&quot;:&quot;7548&quot;,&quot;slug&quot;:&quot;default&quot;,&quot;valign&quot;:&quot;bottom&quot;,&quot;ignore&quot;:&quot;&quot;,&quot;reference&quot;:&quot;auto&quot;,&quot;class&quot;:&quot;&quot;,&quot;count&quot;:&quot;0&quot;,&quot;legendonly&quot;:&quot;&quot;,&quot;readonly&quot;:&quot;&quot;,&quot;score&quot;:&quot;0&quot;,&quot;starsonly&quot;:&quot;&quot;,&quot;best&quot;:&quot;5&quot;,&quot;gap&quot;:&quot;5&quot;,&quot;greet&quot;:&quot;Rate this post&quot;,&quot;legend&quot;:&quot;0\\\/5 - (0 votes)&quot;,&quot;size&quot;:&quot;22&quot;,&quot;title&quot;:&quot;20th Century Icon Gets Two Biopics: Guillaume Canet and Newly Revealed Belgian Star!&quot;,&quot;width&quot;:&quot;0&quot;,&quot;_legend&quot;:&quot;{score}\\\/{best} - ({count} {votes})&quot;,&quot;font_factor&quot;:&quot;1.25&quot;}'>\n            \n<div class=\"kksr-stars\">\n    \n<div class=\"kksr-stars-inactive\">\n            <div class=\"kksr-star\" data-star=\"1\" style=\"padding-right: 5px\">\n            \n\n<div class=\"kksr-icon\" style=\"width: 22px; height: 22px;\"><\/div>\n        <\/div>\n            <div class=\"kksr-star\" data-star=\"2\" style=\"padding-right: 5px\">\n            \n\n<div class=\"kksr-icon\" style=\"width: 22px; height: 22px;\"><\/div>\n        <\/div>\n            <div class=\"kksr-star\" data-star=\"3\" style=\"padding-right: 5px\">\n            \n\n<div class=\"kksr-icon\" style=\"width: 22px; height: 22px;\"><\/div>\n        <\/div>\n            <div class=\"kksr-star\" data-star=\"4\" style=\"padding-right: 5px\">\n            \n\n<div class=\"kksr-icon\" style=\"width: 22px; height: 22px;\"><\/div>\n        <\/div>\n            <div class=\"kksr-star\" data-star=\"5\" style=\"padding-right: 5px\">\n            \n\n<div class=\"kksr-icon\" style=\"width: 22px; height: 22px;\"><\/div>\n        <\/div>\n    <\/div>\n    \n<div class=\"kksr-stars-active\" style=\"width: 0px;\">\n            <div class=\"kksr-star\" style=\"padding-right: 5px\">\n            \n\n<div class=\"kksr-icon\" style=\"width: 22px; height: 22px;\"><\/div>\n        <\/div>\n            <div class=\"kksr-star\" style=\"padding-right: 5px\">\n            \n\n<div class=\"kksr-icon\" style=\"width: 22px; height: 22px;\"><\/div>\n        <\/div>\n            <div class=\"kksr-star\" style=\"padding-right: 5px\">\n            \n\n<div class=\"kksr-icon\" style=\"width: 22px; height: 22px;\"><\/div>\n        <\/div>\n            <div class=\"kksr-star\" style=\"padding-right: 5px\">\n            \n\n<div class=\"kksr-icon\" style=\"width: 22px; height: 22px;\"><\/div>\n        <\/div>\n            <div class=\"kksr-star\" style=\"padding-right: 5px\">\n            \n\n<div class=\"kksr-icon\" style=\"width: 22px; height: 22px;\"><\/div>\n        <\/div>\n    <\/div>\n<\/div>\n                \n\n<div class=\"kksr-legend\" style=\"font-size: 17.6px;\">\n            <span class=\"kksr-muted\">Rate this post<\/span>\n    <\/div>\n    <\/div>\n","protected":false},"excerpt":{"rendered":"<p>One project may hide another! On one side, J\u00e9r\u00e9mie Renier, and on the other, Guillaume Canet. Both will portray this monumental 20th-century figure in upcoming films, &#8230; <a title=\"20th Century Icon Gets Two Biopics: Guillaume Canet and Newly Revealed Belgian Star!\" class=\"read-more\" href=\"https:\/\/kawsachunnews.com\/w\/20th-century-icon-gets-two-biopics-guillaume-canet-and-newly-revealed-belgian-star\/\" aria-label=\"Read more about 20th Century Icon Gets Two Biopics: Guillaume Canet and Newly Revealed Belgian Star!\">Continue Reading &rarr;<\/a><\/p>\n","protected":false},"author":17,"featured_media":7549,"comment_status":"open","ping_status":"open","sticky":false,"template":"","format":"standard","meta":{"footnotes":""},"categories":[14],"tags":[],"class_list":["post-7548","post","type-post","status-publish","format-standard","has-post-thumbnail","hentry","category-tv"],"yoast_head":"<!-- This site is optimized with the Yoast SEO plugin v26.8 - https:\/\/yoast.com\/product\/yoast-seo-wordpress\/ -->\n<title>20th Century Icon Gets Two Biopics: Guillaume Canet and Newly Revealed Belgian Star! - Kawsachun News -<\/title>\n<meta name=\"robots\" content=\"index, follow, max-snippet:-1, max-image-preview:large, max-video-preview:-1\" \/>\n<link rel=\"canonical\" href=\"https:\/\/kawsachunnews.com\/w\/20th-century-icon-gets-two-biopics-guillaume-canet-and-newly-revealed-belgian-star\/\" \/>\n<meta property=\"og:locale\" content=\"en_US\" \/>\n<meta property=\"og:type\" content=\"article\" \/>\n<meta property=\"og:title\" content=\"20th Century Icon Gets Two Biopics: Guillaume Canet and Newly Revealed Belgian Star! - Kawsachun News -\" \/>\n<meta property=\"og:description\" content=\"One project may hide another! On one side, J\u00e9r\u00e9mie Renier, and on the other, Guillaume Canet. Both will portray this monumental 20th-century figure in upcoming films, ... Continue Reading &rarr;\" \/>\n<meta property=\"og:url\" content=\"https:\/\/kawsachunnews.com\/w\/20th-century-icon-gets-two-biopics-guillaume-canet-and-newly-revealed-belgian-star\/\" \/>\n<meta property=\"og:site_name\" content=\"Kawsachun News -\" \/>\n<meta property=\"article:published_time\" content=\"2025-11-20T01:54:25+00:00\" \/>\n<meta property=\"article:modified_time\" content=\"2025-11-20T01:54:26+00:00\" \/>\n<meta property=\"og:image\" content=\"https:\/\/kawsachunnews.com\/w\/wp-content\/uploads\/2025\/11\/20th-Century-Icon-Gets-Two-Biopics-Guillaume-Canet-and-Newly.jpg\" \/>\n\t<meta property=\"og:image:width\" content=\"1280\" \/>\n\t<meta property=\"og:image:height\" content=\"720\" \/>\n\t<meta property=\"og:image:type\" content=\"image\/jpeg\" \/>\n<meta name=\"author\" content=\"Iris Lennox\" \/>\n<meta name=\"twitter:card\" content=\"summary_large_image\" \/>\n<meta name=\"twitter:label1\" content=\"Written by\" \/>\n\t<meta name=\"twitter:data1\" content=\"Iris Lennox\" \/>\n\t<meta name=\"twitter:label2\" content=\"Est. reading time\" \/>\n\t<meta name=\"twitter:data2\" content=\"3 minutes\" \/>\n<script type=\"application\/ld+json\" class=\"yoast-schema-graph\">{\"@context\":\"https:\/\/schema.org\",\"@graph\":[{\"@type\":\"Article\",\"@id\":\"https:\/\/kawsachunnews.com\/w\/20th-century-icon-gets-two-biopics-guillaume-canet-and-newly-revealed-belgian-star\/#article\",\"isPartOf\":{\"@id\":\"https:\/\/kawsachunnews.com\/w\/20th-century-icon-gets-two-biopics-guillaume-canet-and-newly-revealed-belgian-star\/\"},\"author\":{\"name\":\"Iris Lennox\",\"@id\":\"https:\/\/kawsachunnews.com\/w\/#\/schema\/person\/320320f0951ff2b525aa3fd822593170\"},\"headline\":\"20th Century Icon Gets Two Biopics: Guillaume Canet and Newly Revealed Belgian Star!\",\"datePublished\":\"2025-11-20T01:54:25+00:00\",\"dateModified\":\"2025-11-20T01:54:26+00:00\",\"mainEntityOfPage\":{\"@id\":\"https:\/\/kawsachunnews.com\/w\/20th-century-icon-gets-two-biopics-guillaume-canet-and-newly-revealed-belgian-star\/\"},\"wordCount\":577,\"commentCount\":0,\"publisher\":{\"@id\":\"https:\/\/kawsachunnews.com\/w\/#organization\"},\"image\":{\"@id\":\"https:\/\/kawsachunnews.com\/w\/20th-century-icon-gets-two-biopics-guillaume-canet-and-newly-revealed-belgian-star\/#primaryimage\"},\"thumbnailUrl\":\"https:\/\/kawsachunnews.com\/w\/wp-content\/uploads\/2025\/11\/20th-Century-Icon-Gets-Two-Biopics-Guillaume-Canet-and-Newly.jpg\",\"articleSection\":[\"TV\"],\"inLanguage\":\"en-US\",\"potentialAction\":[{\"@type\":\"CommentAction\",\"name\":\"Comment\",\"target\":[\"https:\/\/kawsachunnews.com\/w\/20th-century-icon-gets-two-biopics-guillaume-canet-and-newly-revealed-belgian-star\/#respond\"]}]},{\"@type\":\"WebPage\",\"@id\":\"https:\/\/kawsachunnews.com\/w\/20th-century-icon-gets-two-biopics-guillaume-canet-and-newly-revealed-belgian-star\/\",\"url\":\"https:\/\/kawsachunnews.com\/w\/20th-century-icon-gets-two-biopics-guillaume-canet-and-newly-revealed-belgian-star\/\",\"name\":\"20th Century Icon Gets Two Biopics: Guillaume Canet and Newly Revealed Belgian Star! - Kawsachun News -\",\"isPartOf\":{\"@id\":\"https:\/\/kawsachunnews.com\/w\/#website\"},\"primaryImageOfPage\":{\"@id\":\"https:\/\/kawsachunnews.com\/w\/20th-century-icon-gets-two-biopics-guillaume-canet-and-newly-revealed-belgian-star\/#primaryimage\"},\"image\":{\"@id\":\"https:\/\/kawsachunnews.com\/w\/20th-century-icon-gets-two-biopics-guillaume-canet-and-newly-revealed-belgian-star\/#primaryimage\"},\"thumbnailUrl\":\"https:\/\/kawsachunnews.com\/w\/wp-content\/uploads\/2025\/11\/20th-Century-Icon-Gets-Two-Biopics-Guillaume-Canet-and-Newly.jpg\",\"datePublished\":\"2025-11-20T01:54:25+00:00\",\"dateModified\":\"2025-11-20T01:54:26+00:00\",\"breadcrumb\":{\"@id\":\"https:\/\/kawsachunnews.com\/w\/20th-century-icon-gets-two-biopics-guillaume-canet-and-newly-revealed-belgian-star\/#breadcrumb\"},\"inLanguage\":\"en-US\",\"potentialAction\":[{\"@type\":\"ReadAction\",\"target\":[\"https:\/\/kawsachunnews.com\/w\/20th-century-icon-gets-two-biopics-guillaume-canet-and-newly-revealed-belgian-star\/\"]}]},{\"@type\":\"ImageObject\",\"inLanguage\":\"en-US\",\"@id\":\"https:\/\/kawsachunnews.com\/w\/20th-century-icon-gets-two-biopics-guillaume-canet-and-newly-revealed-belgian-star\/#primaryimage\",\"url\":\"https:\/\/kawsachunnews.com\/w\/wp-content\/uploads\/2025\/11\/20th-Century-Icon-Gets-Two-Biopics-Guillaume-Canet-and-Newly.jpg\",\"contentUrl\":\"https:\/\/kawsachunnews.com\/w\/wp-content\/uploads\/2025\/11\/20th-Century-Icon-Gets-Two-Biopics-Guillaume-Canet-and-Newly.jpg\",\"width\":1280,\"height\":720,\"caption\":\"Cette figure historique du XXe si\u00e8cle aura droit \u00e0 deux biopics : l'un avec Guillaume Canet, l'autre avec un grand acteur belge dont le nom vient d'\u00eatre d\u00e9voil\u00e9\"},{\"@type\":\"BreadcrumbList\",\"@id\":\"https:\/\/kawsachunnews.com\/w\/20th-century-icon-gets-two-biopics-guillaume-canet-and-newly-revealed-belgian-star\/#breadcrumb\",\"itemListElement\":[{\"@type\":\"ListItem\",\"position\":1,\"name\":\"Accueil\",\"item\":\"https:\/\/kawsachunnews.com\/w\/\"},{\"@type\":\"ListItem\",\"position\":2,\"name\":\"20th Century Icon Gets Two Biopics: Guillaume Canet and Newly Revealed Belgian Star!\"}]},{\"@type\":\"WebSite\",\"@id\":\"https:\/\/kawsachunnews.com\/w\/#website\",\"url\":\"https:\/\/kawsachunnews.com\/w\/\",\"name\":\"Kawsachun News -\",\"description\":\"\",\"publisher\":{\"@id\":\"https:\/\/kawsachunnews.com\/w\/#organization\"},\"potentialAction\":[{\"@type\":\"SearchAction\",\"target\":{\"@type\":\"EntryPoint\",\"urlTemplate\":\"https:\/\/kawsachunnews.com\/w\/?s={search_term_string}\"},\"query-input\":{\"@type\":\"PropertyValueSpecification\",\"valueRequired\":true,\"valueName\":\"search_term_string\"}}],\"inLanguage\":\"en-US\"},{\"@type\":\"Organization\",\"@id\":\"https:\/\/kawsachunnews.com\/w\/#organization\",\"name\":\"Kawsachun News -\",\"url\":\"https:\/\/kawsachunnews.com\/w\/\",\"logo\":{\"@type\":\"ImageObject\",\"inLanguage\":\"en-US\",\"@id\":\"https:\/\/kawsachunnews.com\/w\/#\/schema\/logo\/image\/\",\"url\":\"https:\/\/kawsachunnews.com\/w\/wp-content\/uploads\/2024\/09\/kawsachunnews-logo-406-2.jpg\",\"contentUrl\":\"https:\/\/kawsachunnews.com\/w\/wp-content\/uploads\/2024\/09\/kawsachunnews-logo-406-2.jpg\",\"width\":406,\"height\":72,\"caption\":\"Kawsachun News -\"},\"image\":{\"@id\":\"https:\/\/kawsachunnews.com\/w\/#\/schema\/logo\/image\/\"}},{\"@type\":\"Person\",\"@id\":\"https:\/\/kawsachunnews.com\/w\/#\/schema\/person\/320320f0951ff2b525aa3fd822593170\",\"name\":\"Iris Lennox\",\"image\":{\"@type\":\"ImageObject\",\"inLanguage\":\"en-US\",\"@id\":\"https:\/\/kawsachunnews.com\/w\/#\/schema\/person\/image\/\",\"url\":\"https:\/\/secure.gravatar.com\/avatar\/521a95248ab257bc48d343b1e5caafbd?s=96&d=mm&r=g\",\"contentUrl\":\"https:\/\/secure.gravatar.com\/avatar\/521a95248ab257bc48d343b1e5caafbd?s=96&d=mm&r=g\",\"caption\":\"Iris Lennox\"},\"description\":\"A passionate journalist, Iris Lennox covers social and cultural news across the U.S.\",\"url\":\"https:\/\/kawsachunnews.com\/w\/author\/iris-lennox\/\"}]}<\/script>\n<!-- \/ Yoast SEO plugin. -->","yoast_head_json":{"title":"20th Century Icon Gets Two Biopics: Guillaume Canet and Newly Revealed Belgian Star! - Kawsachun News -","robots":{"index":"index","follow":"follow","max-snippet":"max-snippet:-1","max-image-preview":"max-image-preview:large","max-video-preview":"max-video-preview:-1"},"canonical":"https:\/\/kawsachunnews.com\/w\/20th-century-icon-gets-two-biopics-guillaume-canet-and-newly-revealed-belgian-star\/","og_locale":"en_US","og_type":"article","og_title":"20th Century Icon Gets Two Biopics: Guillaume Canet and Newly Revealed Belgian Star! - Kawsachun News -","og_description":"One project may hide another! On one side, J\u00e9r\u00e9mie Renier, and on the other, Guillaume Canet. Both will portray this monumental 20th-century figure in upcoming films, ... Continue Reading &rarr;","og_url":"https:\/\/kawsachunnews.com\/w\/20th-century-icon-gets-two-biopics-guillaume-canet-and-newly-revealed-belgian-star\/","og_site_name":"Kawsachun News -","article_published_time":"2025-11-20T01:54:25+00:00","article_modified_time":"2025-11-20T01:54:26+00:00","og_image":[{"width":1280,"height":720,"url":"https:\/\/kawsachunnews.com\/w\/wp-content\/uploads\/2025\/11\/20th-Century-Icon-Gets-Two-Biopics-Guillaume-Canet-and-Newly.jpg","type":"image\/jpeg"}],"author":"Iris Lennox","twitter_card":"summary_large_image","twitter_misc":{"Written by":"Iris Lennox","Est. reading time":"3 minutes"},"schema":{"@context":"https:\/\/schema.org","@graph":[{"@type":"Article","@id":"https:\/\/kawsachunnews.com\/w\/20th-century-icon-gets-two-biopics-guillaume-canet-and-newly-revealed-belgian-star\/#article","isPartOf":{"@id":"https:\/\/kawsachunnews.com\/w\/20th-century-icon-gets-two-biopics-guillaume-canet-and-newly-revealed-belgian-star\/"},"author":{"name":"Iris Lennox","@id":"https:\/\/kawsachunnews.com\/w\/#\/schema\/person\/320320f0951ff2b525aa3fd822593170"},"headline":"20th Century Icon Gets Two Biopics: Guillaume Canet and Newly Revealed Belgian Star!","datePublished":"2025-11-20T01:54:25+00:00","dateModified":"2025-11-20T01:54:26+00:00","mainEntityOfPage":{"@id":"https:\/\/kawsachunnews.com\/w\/20th-century-icon-gets-two-biopics-guillaume-canet-and-newly-revealed-belgian-star\/"},"wordCount":577,"commentCount":0,"publisher":{"@id":"https:\/\/kawsachunnews.com\/w\/#organization"},"image":{"@id":"https:\/\/kawsachunnews.com\/w\/20th-century-icon-gets-two-biopics-guillaume-canet-and-newly-revealed-belgian-star\/#primaryimage"},"thumbnailUrl":"https:\/\/kawsachunnews.com\/w\/wp-content\/uploads\/2025\/11\/20th-Century-Icon-Gets-Two-Biopics-Guillaume-Canet-and-Newly.jpg","articleSection":["TV"],"inLanguage":"en-US","potentialAction":[{"@type":"CommentAction","name":"Comment","target":["https:\/\/kawsachunnews.com\/w\/20th-century-icon-gets-two-biopics-guillaume-canet-and-newly-revealed-belgian-star\/#respond"]}]},{"@type":"WebPage","@id":"https:\/\/kawsachunnews.com\/w\/20th-century-icon-gets-two-biopics-guillaume-canet-and-newly-revealed-belgian-star\/","url":"https:\/\/kawsachunnews.com\/w\/20th-century-icon-gets-two-biopics-guillaume-canet-and-newly-revealed-belgian-star\/","name":"20th Century Icon Gets Two Biopics: Guillaume Canet and Newly Revealed Belgian Star! - Kawsachun News -","isPartOf":{"@id":"https:\/\/kawsachunnews.com\/w\/#website"},"primaryImageOfPage":{"@id":"https:\/\/kawsachunnews.com\/w\/20th-century-icon-gets-two-biopics-guillaume-canet-and-newly-revealed-belgian-star\/#primaryimage"},"image":{"@id":"https:\/\/kawsachunnews.com\/w\/20th-century-icon-gets-two-biopics-guillaume-canet-and-newly-revealed-belgian-star\/#primaryimage"},"thumbnailUrl":"https:\/\/kawsachunnews.com\/w\/wp-content\/uploads\/2025\/11\/20th-Century-Icon-Gets-Two-Biopics-Guillaume-Canet-and-Newly.jpg","datePublished":"2025-11-20T01:54:25+00:00","dateModified":"2025-11-20T01:54:26+00:00","breadcrumb":{"@id":"https:\/\/kawsachunnews.com\/w\/20th-century-icon-gets-two-biopics-guillaume-canet-and-newly-revealed-belgian-star\/#breadcrumb"},"inLanguage":"en-US","potentialAction":[{"@type":"ReadAction","target":["https:\/\/kawsachunnews.com\/w\/20th-century-icon-gets-two-biopics-guillaume-canet-and-newly-revealed-belgian-star\/"]}]},{"@type":"ImageObject","inLanguage":"en-US","@id":"https:\/\/kawsachunnews.com\/w\/20th-century-icon-gets-two-biopics-guillaume-canet-and-newly-revealed-belgian-star\/#primaryimage","url":"https:\/\/kawsachunnews.com\/w\/wp-content\/uploads\/2025\/11\/20th-Century-Icon-Gets-Two-Biopics-Guillaume-Canet-and-Newly.jpg","contentUrl":"https:\/\/kawsachunnews.com\/w\/wp-content\/uploads\/2025\/11\/20th-Century-Icon-Gets-Two-Biopics-Guillaume-Canet-and-Newly.jpg","width":1280,"height":720,"caption":"Cette figure historique du XXe si\u00e8cle aura droit \u00e0 deux biopics : l'un avec Guillaume Canet, l'autre avec un grand acteur belge dont le nom vient d'\u00eatre d\u00e9voil\u00e9"},{"@type":"BreadcrumbList","@id":"https:\/\/kawsachunnews.com\/w\/20th-century-icon-gets-two-biopics-guillaume-canet-and-newly-revealed-belgian-star\/#breadcrumb","itemListElement":[{"@type":"ListItem","position":1,"name":"Accueil","item":"https:\/\/kawsachunnews.com\/w\/"},{"@type":"ListItem","position":2,"name":"20th Century Icon Gets Two Biopics: Guillaume Canet and Newly Revealed Belgian Star!"}]},{"@type":"WebSite","@id":"https:\/\/kawsachunnews.com\/w\/#website","url":"https:\/\/kawsachunnews.com\/w\/","name":"Kawsachun News -","description":"","publisher":{"@id":"https:\/\/kawsachunnews.com\/w\/#organization"},"potentialAction":[{"@type":"SearchAction","target":{"@type":"EntryPoint","urlTemplate":"https:\/\/kawsachunnews.com\/w\/?s={search_term_string}"},"query-input":{"@type":"PropertyValueSpecification","valueRequired":true,"valueName":"search_term_string"}}],"inLanguage":"en-US"},{"@type":"Organization","@id":"https:\/\/kawsachunnews.com\/w\/#organization","name":"Kawsachun News -","url":"https:\/\/kawsachunnews.com\/w\/","logo":{"@type":"ImageObject","inLanguage":"en-US","@id":"https:\/\/kawsachunnews.com\/w\/#\/schema\/logo\/image\/","url":"https:\/\/kawsachunnews.com\/w\/wp-content\/uploads\/2024\/09\/kawsachunnews-logo-406-2.jpg","contentUrl":"https:\/\/kawsachunnews.com\/w\/wp-content\/uploads\/2024\/09\/kawsachunnews-logo-406-2.jpg","width":406,"height":72,"caption":"Kawsachun News -"},"image":{"@id":"https:\/\/kawsachunnews.com\/w\/#\/schema\/logo\/image\/"}},{"@type":"Person","@id":"https:\/\/kawsachunnews.com\/w\/#\/schema\/person\/320320f0951ff2b525aa3fd822593170","name":"Iris Lennox","image":{"@type":"ImageObject","inLanguage":"en-US","@id":"https:\/\/kawsachunnews.com\/w\/#\/schema\/person\/image\/","url":"https:\/\/secure.gravatar.com\/avatar\/521a95248ab257bc48d343b1e5caafbd?s=96&d=mm&r=g","contentUrl":"https:\/\/secure.gravatar.com\/avatar\/521a95248ab257bc48d343b1e5caafbd?s=96&d=mm&r=g","caption":"Iris Lennox"},"description":"A passionate journalist, Iris Lennox covers social and cultural news across the U.S.","url":"https:\/\/kawsachunnews.com\/w\/author\/iris-lennox\/"}]}},"_links":{"self":[{"href":"https:\/\/kawsachunnews.com\/w\/wp-json\/wp\/v2\/posts\/7548","targetHints":{"allow":["GET"]}}],"collection":[{"href":"https:\/\/kawsachunnews.com\/w\/wp-json\/wp\/v2\/posts"}],"about":[{"href":"https:\/\/kawsachunnews.com\/w\/wp-json\/wp\/v2\/types\/post"}],"author":[{"embeddable":true,"href":"https:\/\/kawsachunnews.com\/w\/wp-json\/wp\/v2\/users\/17"}],"replies":[{"embeddable":true,"href":"https:\/\/kawsachunnews.com\/w\/wp-json\/wp\/v2\/comments?post=7548"}],"version-history":[{"count":1,"href":"https:\/\/kawsachunnews.com\/w\/wp-json\/wp\/v2\/posts\/7548\/revisions"}],"predecessor-version":[{"id":7550,"href":"https:\/\/kawsachunnews.com\/w\/wp-json\/wp\/v2\/posts\/7548\/revisions\/7550"}],"wp:featuredmedia":[{"embeddable":true,"href":"https:\/\/kawsachunnews.com\/w\/wp-json\/wp\/v2\/media\/7549"}],"wp:attachment":[{"href":"https:\/\/kawsachunnews.com\/w\/wp-json\/wp\/v2\/media?parent=7548"}],"wp:term":[{"taxonomy":"category","embeddable":true,"href":"https:\/\/kawsachunnews.com\/w\/wp-json\/wp\/v2\/categories?post=7548"},{"taxonomy":"post_tag","embeddable":true,"href":"https:\/\/kawsachunnews.com\/w\/wp-json\/wp\/v2\/tags?post=7548"}],"curies":[{"name":"wp","href":"https:\/\/api.w.org\/{rel}","templated":true}]}}