{"id":7575,"date":"2025-11-23T06:08:46","date_gmt":"2025-11-23T10:08:46","guid":{"rendered":"https:\/\/kawsachunnews.com\/w\/denzel-washington-rejected-oscars-25-years-ago-i-told-them-i-didnt-care\/"},"modified":"2025-11-23T06:08:47","modified_gmt":"2025-11-23T10:08:47","slug":"denzel-washington-rejected-oscars-25-years-ago-i-told-them-i-didnt-care","status":"publish","type":"post","link":"https:\/\/kawsachunnews.com\/w\/denzel-washington-rejected-oscars-25-years-ago-i-told-them-i-didnt-care\/","title":{"rendered":"Denzel Washington Rejected Oscars 25 Years Ago: &#8216;I Told Them I Didn&#8217;t Care!&#8217;"},"content":{"rendered":"<article id=\"article-container\" class=\"article-container\"><\/p>\n<p class=\"article-lead\">25 years ago, a missed Oscar profoundly affected Denzel Washington. One evening, one silent humiliation&#8230; and the actor turned his back on the Academy for a while. Here&#8217;s why.<\/p>\n<div id=\"article-content\" class=\"article-content\"><\/p>\n<p class=\"bo-p\">There was a time when Denzel Washington was actively involved in the life of the Academy Awards. However, around the turn of the millennium, a bitter experience led him to distance himself to the extent that he no longer wanted to vote for his peers.<\/p>\n<p><\/p>\n<p class=\"bo-p\">By then, the actor had already won a Best Supporting Actor Oscar for Glory (1990). In 2000, he was back in the race, this time in the leading category: Best Actor. His portrayal of Rubin \u201cHurricane\u201d Carter, wrongly accused of a triple murder in the biopic The Hurricane, pitted him against Richard Farnsworth, Russell Crowe, Sean Penn, and Kevin Spacey, who was favored for American Beauty.<\/p>\n<h2 class=\"bo-h2\">An Evening of Bitter Taste<\/h2>\n<p><\/p>\n<p class=\"bo-p\">When Kevin Spacey&#8217;s name was finally announced, Denzel Washington experienced the moment as a silent humiliation. He shared in 2024, in the pages of <a href=\"https:\/\/variety.com\/2024\/film\/news\/denzel-washington-lost-oscar-kevin-spacey-stopped-voting-1236214174\/\" target=\"_blank\" rel=\"noopener\">Variety<\/a>, that the incident affected him far beyond just the disappointment of losing an award. He recalls turning around in the auditorium, feeling as if all eyes were on him\u2014even though he admits in hindsight that this feeling was probably magnified by the emotion of the moment.<\/p>\n<p><\/p>\n<p class=\"bo-p\">Here are his words: \u201cAt the Oscars, they called Kevin Spacey for American Beauty. I remember turning around to look at him, and nobody was standing up except the people around him. Everyone was looking at me. Maybe that wasn\u2019t the case, maybe that\u2019s just how I perceived it. Maybe I imagined all the eyes were on me, because why would everyone be looking at me? On reflection, I don\u2019t think that was the case.\u201d<\/p>\n<p><\/p>\n<p class=\"bo-p\">This frustration then turned into weariness, and eventually a rejection of the ceremony. For several years, it was his wife, Pauletta, who continued to watch the Oscar-nominated films. He, on the other hand, completely turned away: \u201cI went through a period where [my wife] Pauletta was watching all the Oscar films\u2014I told her I didn\u2019t care. Hey: \u2018They ignore me? I ignore them.\u2019 You vote. You watch them. I don\u2019t watch that. I gave up. I became bitter.\u201d<\/p>\n<h2 class=\"bo-h2\">A Victory for One, a Withdrawal for Another<\/h2>\n<p><\/p>\n<p class=\"bo-p\">He even admits to having sought solace in alcohol when he went home that night, while refusing to believe he held a grudge against Spacey personally: \u201cThat night, I\u2019m sure I went home and drank. I don\u2019t want to give the impression I was like: \u2018He won my Oscar,\u2019 or something like that. It wasn\u2019t like that.\u201d<\/p>\n<p><\/p>\n<p class=\"bo-p\">Without dwelling on Kevin Spacey\u2019s victory\u2014whose name would later be tarnished by several accusations of sexual assault, culminating in two acquittals in New York and London\u2014Denzel Washington prefers, he says, \u201cto leave that between Spacey and God.\u201d<\/p>\n<p><\/p>\n<p class=\"bo-p\">\u201cYou know, there was talk in town about what was happening on that side of the street, and it\u2019s between God and [Kevin Spacey]. I have nothing to do with that. I pray for him. It\u2019s between him and his creator.\u201d<\/p>\n<h2 class=\"bo-h2\">Distancing Despite Other Triumphs<\/h2>\n<p><\/p>\n<p class=\"bo-p\">Ironically, two years after that infamous loss, Denzel Washington would finally win his second Oscar, this time for his role in Training Day, and he would indeed go on stage to receive it. And despite his complicated relationship with the Academy, it would still grant him several nominations over the following decade, notably for Flight, Fences, Roman J. Israel, Esq., and The Tragedy of Macbeth.<\/p>\n<p><\/p>\n<p class=\"bo-p\"><b>His exceptional performance in The Hurricane is available to revisit on VOD or on DVD and Blu-ray.<\/b><\/p>\n<p>\n    <\/div>\n<p>\n<\/article>\n\n\n<div class=\"kk-star-ratings kksr-auto kksr-align-left kksr-valign-bottom\"\n    data-payload='{&quot;align&quot;:&quot;left&quot;,&quot;id&quot;:&quot;7575&quot;,&quot;slug&quot;:&quot;default&quot;,&quot;valign&quot;:&quot;bottom&quot;,&quot;ignore&quot;:&quot;&quot;,&quot;reference&quot;:&quot;auto&quot;,&quot;class&quot;:&quot;&quot;,&quot;count&quot;:&quot;0&quot;,&quot;legendonly&quot;:&quot;&quot;,&quot;readonly&quot;:&quot;&quot;,&quot;score&quot;:&quot;0&quot;,&quot;starsonly&quot;:&quot;&quot;,&quot;best&quot;:&quot;5&quot;,&quot;gap&quot;:&quot;5&quot;,&quot;greet&quot;:&quot;Rate this post&quot;,&quot;legend&quot;:&quot;0\\\/5 - (0 votes)&quot;,&quot;size&quot;:&quot;22&quot;,&quot;title&quot;:&quot;Denzel Washington Rejected Oscars 25 Years Ago: \\u0026#039;I Told Them I Didn\\u0026#039;t Care!\\u0026#039;&quot;,&quot;width&quot;:&quot;0&quot;,&quot;_legend&quot;:&quot;{score}\\\/{best} - ({count} {votes})&quot;,&quot;font_factor&quot;:&quot;1.25&quot;}'>\n            \n<div class=\"kksr-stars\">\n    \n<div class=\"kksr-stars-inactive\">\n            <div class=\"kksr-star\" data-star=\"1\" style=\"padding-right: 5px\">\n            \n\n<div class=\"kksr-icon\" style=\"width: 22px; height: 22px;\"><\/div>\n        <\/div>\n            <div class=\"kksr-star\" data-star=\"2\" style=\"padding-right: 5px\">\n            \n\n<div class=\"kksr-icon\" style=\"width: 22px; height: 22px;\"><\/div>\n        <\/div>\n            <div class=\"kksr-star\" data-star=\"3\" style=\"padding-right: 5px\">\n            \n\n<div class=\"kksr-icon\" style=\"width: 22px; height: 22px;\"><\/div>\n        <\/div>\n            <div class=\"kksr-star\" data-star=\"4\" style=\"padding-right: 5px\">\n            \n\n<div class=\"kksr-icon\" style=\"width: 22px; height: 22px;\"><\/div>\n        <\/div>\n            <div class=\"kksr-star\" data-star=\"5\" style=\"padding-right: 5px\">\n            \n\n<div class=\"kksr-icon\" style=\"width: 22px; height: 22px;\"><\/div>\n        <\/div>\n    <\/div>\n    \n<div class=\"kksr-stars-active\" style=\"width: 0px;\">\n            <div class=\"kksr-star\" style=\"padding-right: 5px\">\n            \n\n<div class=\"kksr-icon\" style=\"width: 22px; height: 22px;\"><\/div>\n        <\/div>\n            <div class=\"kksr-star\" style=\"padding-right: 5px\">\n            \n\n<div class=\"kksr-icon\" style=\"width: 22px; height: 22px;\"><\/div>\n        <\/div>\n            <div class=\"kksr-star\" style=\"padding-right: 5px\">\n            \n\n<div class=\"kksr-icon\" style=\"width: 22px; height: 22px;\"><\/div>\n        <\/div>\n            <div class=\"kksr-star\" style=\"padding-right: 5px\">\n            \n\n<div class=\"kksr-icon\" style=\"width: 22px; height: 22px;\"><\/div>\n        <\/div>\n            <div class=\"kksr-star\" style=\"padding-right: 5px\">\n            \n\n<div class=\"kksr-icon\" style=\"width: 22px; height: 22px;\"><\/div>\n        <\/div>\n    <\/div>\n<\/div>\n                \n\n<div class=\"kksr-legend\" style=\"font-size: 17.6px;\">\n            <span class=\"kksr-muted\">Rate this post<\/span>\n    <\/div>\n    <\/div>\n","protected":false},"excerpt":{"rendered":"<p>25 years ago, a missed Oscar profoundly affected Denzel Washington. One evening, one silent humiliation&#8230; and the actor turned his back on the Academy for a &#8230; <a title=\"Denzel Washington Rejected Oscars 25 Years Ago: &#8216;I Told Them I Didn&#8217;t Care!&#8217;\" class=\"read-more\" href=\"https:\/\/kawsachunnews.com\/w\/denzel-washington-rejected-oscars-25-years-ago-i-told-them-i-didnt-care\/\" aria-label=\"Read more about Denzel Washington Rejected Oscars 25 Years Ago: &#8216;I Told Them I Didn&#8217;t Care!&#8217;\">Continue Reading &rarr;<\/a><\/p>\n","protected":false},"author":17,"featured_media":7576,"comment_status":"open","ping_status":"open","sticky":false,"template":"","format":"standard","meta":{"footnotes":""},"categories":[14],"tags":[],"class_list":["post-7575","post","type-post","status-publish","format-standard","has-post-thumbnail","hentry","category-tv"],"yoast_head":"<!-- This site is optimized with the Yoast SEO plugin v26.8 - https:\/\/yoast.com\/product\/yoast-seo-wordpress\/ -->\n<title>Denzel Washington Rejected Oscars 25 Years Ago: &#039;I Told Them I Didn&#039;t Care!&#039; - Kawsachun News -<\/title>\n<meta name=\"robots\" content=\"index, follow, max-snippet:-1, max-image-preview:large, max-video-preview:-1\" \/>\n<link rel=\"canonical\" href=\"https:\/\/kawsachunnews.com\/w\/denzel-washington-rejected-oscars-25-years-ago-i-told-them-i-didnt-care\/\" \/>\n<meta property=\"og:locale\" content=\"en_US\" \/>\n<meta property=\"og:type\" content=\"article\" \/>\n<meta property=\"og:title\" content=\"Denzel Washington Rejected Oscars 25 Years Ago: &#039;I Told Them I Didn&#039;t Care!&#039; - Kawsachun News -\" \/>\n<meta property=\"og:description\" content=\"25 years ago, a missed Oscar profoundly affected Denzel Washington. One evening, one silent humiliation&#8230; and the actor turned his back on the Academy for a ... Continue Reading &rarr;\" \/>\n<meta property=\"og:url\" content=\"https:\/\/kawsachunnews.com\/w\/denzel-washington-rejected-oscars-25-years-ago-i-told-them-i-didnt-care\/\" \/>\n<meta property=\"og:site_name\" content=\"Kawsachun News -\" \/>\n<meta property=\"article:published_time\" content=\"2025-11-23T10:08:46+00:00\" \/>\n<meta property=\"article:modified_time\" content=\"2025-11-23T10:08:47+00:00\" \/>\n<meta property=\"og:image\" content=\"https:\/\/kawsachunnews.com\/w\/wp-content\/uploads\/2025\/11\/Denzel-Washington-Rejected-Oscars-25-Years-Ago-I-Told-Them.jpg\" \/>\n\t<meta property=\"og:image:width\" content=\"1280\" \/>\n\t<meta property=\"og:image:height\" content=\"720\" \/>\n\t<meta property=\"og:image:type\" content=\"image\/jpeg\" \/>\n<meta name=\"author\" content=\"Iris Lennox\" \/>\n<meta name=\"twitter:card\" content=\"summary_large_image\" \/>\n<meta name=\"twitter:label1\" content=\"Written by\" \/>\n\t<meta name=\"twitter:data1\" content=\"Iris Lennox\" \/>\n\t<meta name=\"twitter:label2\" content=\"Est. reading time\" \/>\n\t<meta name=\"twitter:data2\" content=\"3 minutes\" \/>\n<script type=\"application\/ld+json\" class=\"yoast-schema-graph\">{\"@context\":\"https:\/\/schema.org\",\"@graph\":[{\"@type\":\"Article\",\"@id\":\"https:\/\/kawsachunnews.com\/w\/denzel-washington-rejected-oscars-25-years-ago-i-told-them-i-didnt-care\/#article\",\"isPartOf\":{\"@id\":\"https:\/\/kawsachunnews.com\/w\/denzel-washington-rejected-oscars-25-years-ago-i-told-them-i-didnt-care\/\"},\"author\":{\"name\":\"Iris Lennox\",\"@id\":\"https:\/\/kawsachunnews.com\/w\/#\/schema\/person\/320320f0951ff2b525aa3fd822593170\"},\"headline\":\"Denzel Washington Rejected Oscars 25 Years Ago: &#8216;I Told Them I Didn&#8217;t Care!&#8217;\",\"datePublished\":\"2025-11-23T10:08:46+00:00\",\"dateModified\":\"2025-11-23T10:08:47+00:00\",\"mainEntityOfPage\":{\"@id\":\"https:\/\/kawsachunnews.com\/w\/denzel-washington-rejected-oscars-25-years-ago-i-told-them-i-didnt-care\/\"},\"wordCount\":624,\"commentCount\":0,\"publisher\":{\"@id\":\"https:\/\/kawsachunnews.com\/w\/#organization\"},\"image\":{\"@id\":\"https:\/\/kawsachunnews.com\/w\/denzel-washington-rejected-oscars-25-years-ago-i-told-them-i-didnt-care\/#primaryimage\"},\"thumbnailUrl\":\"https:\/\/kawsachunnews.com\/w\/wp-content\/uploads\/2025\/11\/Denzel-Washington-Rejected-Oscars-25-Years-Ago-I-Told-Them.jpg\",\"articleSection\":[\"TV\"],\"inLanguage\":\"en-US\",\"potentialAction\":[{\"@type\":\"CommentAction\",\"name\":\"Comment\",\"target\":[\"https:\/\/kawsachunnews.com\/w\/denzel-washington-rejected-oscars-25-years-ago-i-told-them-i-didnt-care\/#respond\"]}]},{\"@type\":\"WebPage\",\"@id\":\"https:\/\/kawsachunnews.com\/w\/denzel-washington-rejected-oscars-25-years-ago-i-told-them-i-didnt-care\/\",\"url\":\"https:\/\/kawsachunnews.com\/w\/denzel-washington-rejected-oscars-25-years-ago-i-told-them-i-didnt-care\/\",\"name\":\"Denzel Washington Rejected Oscars 25 Years Ago: 'I Told Them I Didn't Care!' - Kawsachun News -\",\"isPartOf\":{\"@id\":\"https:\/\/kawsachunnews.com\/w\/#website\"},\"primaryImageOfPage\":{\"@id\":\"https:\/\/kawsachunnews.com\/w\/denzel-washington-rejected-oscars-25-years-ago-i-told-them-i-didnt-care\/#primaryimage\"},\"image\":{\"@id\":\"https:\/\/kawsachunnews.com\/w\/denzel-washington-rejected-oscars-25-years-ago-i-told-them-i-didnt-care\/#primaryimage\"},\"thumbnailUrl\":\"https:\/\/kawsachunnews.com\/w\/wp-content\/uploads\/2025\/11\/Denzel-Washington-Rejected-Oscars-25-Years-Ago-I-Told-Them.jpg\",\"datePublished\":\"2025-11-23T10:08:46+00:00\",\"dateModified\":\"2025-11-23T10:08:47+00:00\",\"breadcrumb\":{\"@id\":\"https:\/\/kawsachunnews.com\/w\/denzel-washington-rejected-oscars-25-years-ago-i-told-them-i-didnt-care\/#breadcrumb\"},\"inLanguage\":\"en-US\",\"potentialAction\":[{\"@type\":\"ReadAction\",\"target\":[\"https:\/\/kawsachunnews.com\/w\/denzel-washington-rejected-oscars-25-years-ago-i-told-them-i-didnt-care\/\"]}]},{\"@type\":\"ImageObject\",\"inLanguage\":\"en-US\",\"@id\":\"https:\/\/kawsachunnews.com\/w\/denzel-washington-rejected-oscars-25-years-ago-i-told-them-i-didnt-care\/#primaryimage\",\"url\":\"https:\/\/kawsachunnews.com\/w\/wp-content\/uploads\/2025\/11\/Denzel-Washington-Rejected-Oscars-25-Years-Ago-I-Told-Them.jpg\",\"contentUrl\":\"https:\/\/kawsachunnews.com\/w\/wp-content\/uploads\/2025\/11\/Denzel-Washington-Rejected-Oscars-25-Years-Ago-I-Told-Them.jpg\",\"width\":1280,\"height\":720,\"caption\":\"\\\"Je lui ai dit que je m'en fichais\\\" : il y a 25 ans, Denzel Washington a rejet\u00e9 l'Acad\u00e9mie des Oscars apr\u00e8s sa d\u00e9faite\"},{\"@type\":\"BreadcrumbList\",\"@id\":\"https:\/\/kawsachunnews.com\/w\/denzel-washington-rejected-oscars-25-years-ago-i-told-them-i-didnt-care\/#breadcrumb\",\"itemListElement\":[{\"@type\":\"ListItem\",\"position\":1,\"name\":\"Accueil\",\"item\":\"https:\/\/kawsachunnews.com\/w\/\"},{\"@type\":\"ListItem\",\"position\":2,\"name\":\"Denzel Washington Rejected Oscars 25 Years Ago: &#8216;I Told Them I Didn&#8217;t Care!&#8217;\"}]},{\"@type\":\"WebSite\",\"@id\":\"https:\/\/kawsachunnews.com\/w\/#website\",\"url\":\"https:\/\/kawsachunnews.com\/w\/\",\"name\":\"Kawsachun News -\",\"description\":\"\",\"publisher\":{\"@id\":\"https:\/\/kawsachunnews.com\/w\/#organization\"},\"potentialAction\":[{\"@type\":\"SearchAction\",\"target\":{\"@type\":\"EntryPoint\",\"urlTemplate\":\"https:\/\/kawsachunnews.com\/w\/?s={search_term_string}\"},\"query-input\":{\"@type\":\"PropertyValueSpecification\",\"valueRequired\":true,\"valueName\":\"search_term_string\"}}],\"inLanguage\":\"en-US\"},{\"@type\":\"Organization\",\"@id\":\"https:\/\/kawsachunnews.com\/w\/#organization\",\"name\":\"Kawsachun News -\",\"url\":\"https:\/\/kawsachunnews.com\/w\/\",\"logo\":{\"@type\":\"ImageObject\",\"inLanguage\":\"en-US\",\"@id\":\"https:\/\/kawsachunnews.com\/w\/#\/schema\/logo\/image\/\",\"url\":\"https:\/\/kawsachunnews.com\/w\/wp-content\/uploads\/2024\/09\/kawsachunnews-logo-406-2.jpg\",\"contentUrl\":\"https:\/\/kawsachunnews.com\/w\/wp-content\/uploads\/2024\/09\/kawsachunnews-logo-406-2.jpg\",\"width\":406,\"height\":72,\"caption\":\"Kawsachun News -\"},\"image\":{\"@id\":\"https:\/\/kawsachunnews.com\/w\/#\/schema\/logo\/image\/\"}},{\"@type\":\"Person\",\"@id\":\"https:\/\/kawsachunnews.com\/w\/#\/schema\/person\/320320f0951ff2b525aa3fd822593170\",\"name\":\"Iris Lennox\",\"image\":{\"@type\":\"ImageObject\",\"inLanguage\":\"en-US\",\"@id\":\"https:\/\/kawsachunnews.com\/w\/#\/schema\/person\/image\/\",\"url\":\"https:\/\/secure.gravatar.com\/avatar\/521a95248ab257bc48d343b1e5caafbd?s=96&d=mm&r=g\",\"contentUrl\":\"https:\/\/secure.gravatar.com\/avatar\/521a95248ab257bc48d343b1e5caafbd?s=96&d=mm&r=g\",\"caption\":\"Iris Lennox\"},\"description\":\"A passionate journalist, Iris Lennox covers social and cultural news across the U.S.\",\"url\":\"https:\/\/kawsachunnews.com\/w\/author\/iris-lennox\/\"}]}<\/script>\n<!-- \/ Yoast SEO plugin. -->","yoast_head_json":{"title":"Denzel Washington Rejected Oscars 25 Years Ago: 'I Told Them I Didn't Care!' - Kawsachun News -","robots":{"index":"index","follow":"follow","max-snippet":"max-snippet:-1","max-image-preview":"max-image-preview:large","max-video-preview":"max-video-preview:-1"},"canonical":"https:\/\/kawsachunnews.com\/w\/denzel-washington-rejected-oscars-25-years-ago-i-told-them-i-didnt-care\/","og_locale":"en_US","og_type":"article","og_title":"Denzel Washington Rejected Oscars 25 Years Ago: 'I Told Them I Didn't Care!' - Kawsachun News -","og_description":"25 years ago, a missed Oscar profoundly affected Denzel Washington. One evening, one silent humiliation&#8230; and the actor turned his back on the Academy for a ... Continue Reading &rarr;","og_url":"https:\/\/kawsachunnews.com\/w\/denzel-washington-rejected-oscars-25-years-ago-i-told-them-i-didnt-care\/","og_site_name":"Kawsachun News -","article_published_time":"2025-11-23T10:08:46+00:00","article_modified_time":"2025-11-23T10:08:47+00:00","og_image":[{"width":1280,"height":720,"url":"https:\/\/kawsachunnews.com\/w\/wp-content\/uploads\/2025\/11\/Denzel-Washington-Rejected-Oscars-25-Years-Ago-I-Told-Them.jpg","type":"image\/jpeg"}],"author":"Iris Lennox","twitter_card":"summary_large_image","twitter_misc":{"Written by":"Iris Lennox","Est. reading time":"3 minutes"},"schema":{"@context":"https:\/\/schema.org","@graph":[{"@type":"Article","@id":"https:\/\/kawsachunnews.com\/w\/denzel-washington-rejected-oscars-25-years-ago-i-told-them-i-didnt-care\/#article","isPartOf":{"@id":"https:\/\/kawsachunnews.com\/w\/denzel-washington-rejected-oscars-25-years-ago-i-told-them-i-didnt-care\/"},"author":{"name":"Iris Lennox","@id":"https:\/\/kawsachunnews.com\/w\/#\/schema\/person\/320320f0951ff2b525aa3fd822593170"},"headline":"Denzel Washington Rejected Oscars 25 Years Ago: &#8216;I Told Them I Didn&#8217;t Care!&#8217;","datePublished":"2025-11-23T10:08:46+00:00","dateModified":"2025-11-23T10:08:47+00:00","mainEntityOfPage":{"@id":"https:\/\/kawsachunnews.com\/w\/denzel-washington-rejected-oscars-25-years-ago-i-told-them-i-didnt-care\/"},"wordCount":624,"commentCount":0,"publisher":{"@id":"https:\/\/kawsachunnews.com\/w\/#organization"},"image":{"@id":"https:\/\/kawsachunnews.com\/w\/denzel-washington-rejected-oscars-25-years-ago-i-told-them-i-didnt-care\/#primaryimage"},"thumbnailUrl":"https:\/\/kawsachunnews.com\/w\/wp-content\/uploads\/2025\/11\/Denzel-Washington-Rejected-Oscars-25-Years-Ago-I-Told-Them.jpg","articleSection":["TV"],"inLanguage":"en-US","potentialAction":[{"@type":"CommentAction","name":"Comment","target":["https:\/\/kawsachunnews.com\/w\/denzel-washington-rejected-oscars-25-years-ago-i-told-them-i-didnt-care\/#respond"]}]},{"@type":"WebPage","@id":"https:\/\/kawsachunnews.com\/w\/denzel-washington-rejected-oscars-25-years-ago-i-told-them-i-didnt-care\/","url":"https:\/\/kawsachunnews.com\/w\/denzel-washington-rejected-oscars-25-years-ago-i-told-them-i-didnt-care\/","name":"Denzel Washington Rejected Oscars 25 Years Ago: 'I Told Them I Didn't Care!' - Kawsachun News -","isPartOf":{"@id":"https:\/\/kawsachunnews.com\/w\/#website"},"primaryImageOfPage":{"@id":"https:\/\/kawsachunnews.com\/w\/denzel-washington-rejected-oscars-25-years-ago-i-told-them-i-didnt-care\/#primaryimage"},"image":{"@id":"https:\/\/kawsachunnews.com\/w\/denzel-washington-rejected-oscars-25-years-ago-i-told-them-i-didnt-care\/#primaryimage"},"thumbnailUrl":"https:\/\/kawsachunnews.com\/w\/wp-content\/uploads\/2025\/11\/Denzel-Washington-Rejected-Oscars-25-Years-Ago-I-Told-Them.jpg","datePublished":"2025-11-23T10:08:46+00:00","dateModified":"2025-11-23T10:08:47+00:00","breadcrumb":{"@id":"https:\/\/kawsachunnews.com\/w\/denzel-washington-rejected-oscars-25-years-ago-i-told-them-i-didnt-care\/#breadcrumb"},"inLanguage":"en-US","potentialAction":[{"@type":"ReadAction","target":["https:\/\/kawsachunnews.com\/w\/denzel-washington-rejected-oscars-25-years-ago-i-told-them-i-didnt-care\/"]}]},{"@type":"ImageObject","inLanguage":"en-US","@id":"https:\/\/kawsachunnews.com\/w\/denzel-washington-rejected-oscars-25-years-ago-i-told-them-i-didnt-care\/#primaryimage","url":"https:\/\/kawsachunnews.com\/w\/wp-content\/uploads\/2025\/11\/Denzel-Washington-Rejected-Oscars-25-Years-Ago-I-Told-Them.jpg","contentUrl":"https:\/\/kawsachunnews.com\/w\/wp-content\/uploads\/2025\/11\/Denzel-Washington-Rejected-Oscars-25-Years-Ago-I-Told-Them.jpg","width":1280,"height":720,"caption":"\"Je lui ai dit que je m'en fichais\" : il y a 25 ans, Denzel Washington a rejet\u00e9 l'Acad\u00e9mie des Oscars apr\u00e8s sa d\u00e9faite"},{"@type":"BreadcrumbList","@id":"https:\/\/kawsachunnews.com\/w\/denzel-washington-rejected-oscars-25-years-ago-i-told-them-i-didnt-care\/#breadcrumb","itemListElement":[{"@type":"ListItem","position":1,"name":"Accueil","item":"https:\/\/kawsachunnews.com\/w\/"},{"@type":"ListItem","position":2,"name":"Denzel Washington Rejected Oscars 25 Years Ago: &#8216;I Told Them I Didn&#8217;t Care!&#8217;"}]},{"@type":"WebSite","@id":"https:\/\/kawsachunnews.com\/w\/#website","url":"https:\/\/kawsachunnews.com\/w\/","name":"Kawsachun News -","description":"","publisher":{"@id":"https:\/\/kawsachunnews.com\/w\/#organization"},"potentialAction":[{"@type":"SearchAction","target":{"@type":"EntryPoint","urlTemplate":"https:\/\/kawsachunnews.com\/w\/?s={search_term_string}"},"query-input":{"@type":"PropertyValueSpecification","valueRequired":true,"valueName":"search_term_string"}}],"inLanguage":"en-US"},{"@type":"Organization","@id":"https:\/\/kawsachunnews.com\/w\/#organization","name":"Kawsachun News -","url":"https:\/\/kawsachunnews.com\/w\/","logo":{"@type":"ImageObject","inLanguage":"en-US","@id":"https:\/\/kawsachunnews.com\/w\/#\/schema\/logo\/image\/","url":"https:\/\/kawsachunnews.com\/w\/wp-content\/uploads\/2024\/09\/kawsachunnews-logo-406-2.jpg","contentUrl":"https:\/\/kawsachunnews.com\/w\/wp-content\/uploads\/2024\/09\/kawsachunnews-logo-406-2.jpg","width":406,"height":72,"caption":"Kawsachun News -"},"image":{"@id":"https:\/\/kawsachunnews.com\/w\/#\/schema\/logo\/image\/"}},{"@type":"Person","@id":"https:\/\/kawsachunnews.com\/w\/#\/schema\/person\/320320f0951ff2b525aa3fd822593170","name":"Iris Lennox","image":{"@type":"ImageObject","inLanguage":"en-US","@id":"https:\/\/kawsachunnews.com\/w\/#\/schema\/person\/image\/","url":"https:\/\/secure.gravatar.com\/avatar\/521a95248ab257bc48d343b1e5caafbd?s=96&d=mm&r=g","contentUrl":"https:\/\/secure.gravatar.com\/avatar\/521a95248ab257bc48d343b1e5caafbd?s=96&d=mm&r=g","caption":"Iris Lennox"},"description":"A passionate journalist, Iris Lennox covers social and cultural news across the U.S.","url":"https:\/\/kawsachunnews.com\/w\/author\/iris-lennox\/"}]}},"_links":{"self":[{"href":"https:\/\/kawsachunnews.com\/w\/wp-json\/wp\/v2\/posts\/7575","targetHints":{"allow":["GET"]}}],"collection":[{"href":"https:\/\/kawsachunnews.com\/w\/wp-json\/wp\/v2\/posts"}],"about":[{"href":"https:\/\/kawsachunnews.com\/w\/wp-json\/wp\/v2\/types\/post"}],"author":[{"embeddable":true,"href":"https:\/\/kawsachunnews.com\/w\/wp-json\/wp\/v2\/users\/17"}],"replies":[{"embeddable":true,"href":"https:\/\/kawsachunnews.com\/w\/wp-json\/wp\/v2\/comments?post=7575"}],"version-history":[{"count":1,"href":"https:\/\/kawsachunnews.com\/w\/wp-json\/wp\/v2\/posts\/7575\/revisions"}],"predecessor-version":[{"id":7577,"href":"https:\/\/kawsachunnews.com\/w\/wp-json\/wp\/v2\/posts\/7575\/revisions\/7577"}],"wp:featuredmedia":[{"embeddable":true,"href":"https:\/\/kawsachunnews.com\/w\/wp-json\/wp\/v2\/media\/7576"}],"wp:attachment":[{"href":"https:\/\/kawsachunnews.com\/w\/wp-json\/wp\/v2\/media?parent=7575"}],"wp:term":[{"taxonomy":"category","embeddable":true,"href":"https:\/\/kawsachunnews.com\/w\/wp-json\/wp\/v2\/categories?post=7575"},{"taxonomy":"post_tag","embeddable":true,"href":"https:\/\/kawsachunnews.com\/w\/wp-json\/wp\/v2\/tags?post=7575"}],"curies":[{"name":"wp","href":"https:\/\/api.w.org\/{rel}","templated":true}]}}