{"id":7910,"date":"2026-01-01T16:25:05","date_gmt":"2026-01-01T20:25:05","guid":{"rendered":"https:\/\/kawsachunnews.com\/w\/exhausted-sam-claflin-reveals-challenges-filming-the-count-of-monte-cristo\/"},"modified":"2026-01-01T16:25:06","modified_gmt":"2026-01-01T20:25:06","slug":"exhausted-sam-claflin-reveals-challenges-filming-the-count-of-monte-cristo","status":"publish","type":"post","link":"https:\/\/kawsachunnews.com\/w\/exhausted-sam-claflin-reveals-challenges-filming-the-count-of-monte-cristo\/","title":{"rendered":"Exhausted Sam Claflin Reveals Challenges Filming &#8216;The Count of Monte Cristo&#8217;!"},"content":{"rendered":"<article id=\"article-container\" class=\"article-container\">\n<p class=\"article-lead\">Premiering tonight on France 2, the European series &#8220;The Count of Monte Cristo&#8221; has been a real challenge for its lead actor, as he shared with us in a recent interview.<\/p>\n<div id=\"article-content\" class=\"article-content\">\n<figure class=\"article-figure article-main-figure\"><figcaption class=\"article-figcaption-copy\">All City Media \/ Photo: Claudio Iannone<\/figcaption>\n<\/figure>\n<p class=\"bo-p\">Sam Claflin takes on the role of the Count of Monte Cristo. The British actor, known for his roles in &#8220;Hunger Games&#8221; and &#8220;Peaky Blinders,&#8221; is a versatile performer who has dabbled in a variety of genres. This time, Claflin has stepped into the iconic shoes of French literary hero Edmond Dant\u00e8s. <\/p>\n<p class=\"bo-p\"><b>Read our review.<\/b><\/p>\n<p class=\"bo-p\">This European production features actors from multiple countries, including Ana Girardot from France, and was fortunate to have a substantial budget to fully explore Alexandre Dumas&#8217;s expansive novel. However, the filming process was not without its struggles for the teams, especially for Claflin, who revealed in our April meeting that he had never experienced such an exhausting shoot. <\/p>\n<h2 class=\"bo-h2\">Filming Out of Sequence<\/h2>\n<p class=\"bo-p\"><i>&#8220;I don&#8217;t think I was fully prepared. Taking on a role like Edmond Dant\u00e8s is a massive undertaking. He undergoes such radical changes throughout the story. And of course, we shot out of sequence. We started with the end of the series: essentially episodes 4 to 8. Then we did some of episode 3, followed by 2, and finally 1. It was quite bizarre. For the first four months, I was living in a kind of dark, angry sadness, filled with rage&#8230; So yes&#8230; it was really a roller coaster. But I was exhausted by the end.&#8221;<\/i><\/p>\n<p class=\"bo-p\">For Claflin, under the direction of Danish filmmaker Bille August, the main challenge was to suppress his emotions: <\/p>\n<p class=\"bo-p\"><i>&#8220;He constantly reminded me not to show too much emotion&#8230; Because personally, my emotions are quite accessible. But with Edmond, all that shuts down. He&#8217;s so driven and focused on his revenge that love for Merc\u00e9d\u00e8s, all those things&#8230; he&#8217;s blinded by it all. And sometimes, Bille would say, &#8216;No, he must not cry. He doesn&#8217;t need to cry.&#8217; The hardest part was feeling nothing, trying to be as cold as possible. Especially when you have someone as talented as Ana crying in front of you.&#8221;<\/i><\/p>\n<p class=\"bo-p\">Nevertheless, it remains an impressive performance that faithfully represents this frequently adapted character. To see the results for yourself, tune in at 9:10 PM on France 2 or catch it on replay on France.TV.<\/p>\n<p class=\"bo-p\"><i>AlloCin\u00e9 provides daily content with more than 40 articles covering movie and series news, interviews, streaming recommendations, quirky trivia, and enthusiast insights into your favorite films and series. <\/i><span class=\"ACraHRACr0cHM6Ly9wcm9maWxlLmdvb2dsZS5jb20vY3AvQ2dvdmJTOHdObmMzTkdScg== bo-link\" target=\"_blank\" rel=\"noopener\"><i>Subscribe to AlloCin\u00e9 on Google Discover<\/i><\/span><i>, ensuring daily exploration into a site crafted by and for film buffs.<\/i><\/p>\n<\/div>\n<\/article>\n\n\n<div class=\"kk-star-ratings kksr-auto kksr-align-left kksr-valign-bottom\"\n    data-payload='{&quot;align&quot;:&quot;left&quot;,&quot;id&quot;:&quot;7910&quot;,&quot;slug&quot;:&quot;default&quot;,&quot;valign&quot;:&quot;bottom&quot;,&quot;ignore&quot;:&quot;&quot;,&quot;reference&quot;:&quot;auto&quot;,&quot;class&quot;:&quot;&quot;,&quot;count&quot;:&quot;0&quot;,&quot;legendonly&quot;:&quot;&quot;,&quot;readonly&quot;:&quot;&quot;,&quot;score&quot;:&quot;0&quot;,&quot;starsonly&quot;:&quot;&quot;,&quot;best&quot;:&quot;5&quot;,&quot;gap&quot;:&quot;5&quot;,&quot;greet&quot;:&quot;Rate this post&quot;,&quot;legend&quot;:&quot;0\\\/5 - (0 votes)&quot;,&quot;size&quot;:&quot;22&quot;,&quot;title&quot;:&quot;Exhausted Sam Claflin Reveals Challenges Filming \\u0026#039;The Count of Monte Cristo\\u0026#039;!&quot;,&quot;width&quot;:&quot;0&quot;,&quot;_legend&quot;:&quot;{score}\\\/{best} - ({count} {votes})&quot;,&quot;font_factor&quot;:&quot;1.25&quot;}'>\n            \n<div class=\"kksr-stars\">\n    \n<div class=\"kksr-stars-inactive\">\n            <div class=\"kksr-star\" data-star=\"1\" style=\"padding-right: 5px\">\n            \n\n<div class=\"kksr-icon\" style=\"width: 22px; height: 22px;\"><\/div>\n        <\/div>\n            <div class=\"kksr-star\" data-star=\"2\" style=\"padding-right: 5px\">\n            \n\n<div class=\"kksr-icon\" style=\"width: 22px; height: 22px;\"><\/div>\n        <\/div>\n            <div class=\"kksr-star\" data-star=\"3\" style=\"padding-right: 5px\">\n            \n\n<div class=\"kksr-icon\" style=\"width: 22px; height: 22px;\"><\/div>\n        <\/div>\n            <div class=\"kksr-star\" data-star=\"4\" style=\"padding-right: 5px\">\n            \n\n<div class=\"kksr-icon\" style=\"width: 22px; height: 22px;\"><\/div>\n        <\/div>\n            <div class=\"kksr-star\" data-star=\"5\" style=\"padding-right: 5px\">\n            \n\n<div class=\"kksr-icon\" style=\"width: 22px; height: 22px;\"><\/div>\n        <\/div>\n    <\/div>\n    \n<div class=\"kksr-stars-active\" style=\"width: 0px;\">\n            <div class=\"kksr-star\" style=\"padding-right: 5px\">\n            \n\n<div class=\"kksr-icon\" style=\"width: 22px; height: 22px;\"><\/div>\n        <\/div>\n            <div class=\"kksr-star\" style=\"padding-right: 5px\">\n            \n\n<div class=\"kksr-icon\" style=\"width: 22px; height: 22px;\"><\/div>\n        <\/div>\n            <div class=\"kksr-star\" style=\"padding-right: 5px\">\n            \n\n<div class=\"kksr-icon\" style=\"width: 22px; height: 22px;\"><\/div>\n        <\/div>\n            <div class=\"kksr-star\" style=\"padding-right: 5px\">\n            \n\n<div class=\"kksr-icon\" style=\"width: 22px; height: 22px;\"><\/div>\n        <\/div>\n            <div class=\"kksr-star\" style=\"padding-right: 5px\">\n            \n\n<div class=\"kksr-icon\" style=\"width: 22px; height: 22px;\"><\/div>\n        <\/div>\n    <\/div>\n<\/div>\n                \n\n<div class=\"kksr-legend\" style=\"font-size: 17.6px;\">\n            <span class=\"kksr-muted\">Rate this post<\/span>\n    <\/div>\n    <\/div>\n","protected":false},"excerpt":{"rendered":"<p>Premiering tonight on France 2, the European series &#8220;The Count of Monte Cristo&#8221; has been a real challenge for its lead actor, as he shared with &#8230; <a title=\"Exhausted Sam Claflin Reveals Challenges Filming &#8216;The Count of Monte Cristo&#8217;!\" class=\"read-more\" href=\"https:\/\/kawsachunnews.com\/w\/exhausted-sam-claflin-reveals-challenges-filming-the-count-of-monte-cristo\/\" aria-label=\"Read more about Exhausted Sam Claflin Reveals Challenges Filming &#8216;The Count of Monte Cristo&#8217;!\">Continue Reading &rarr;<\/a><\/p>\n","protected":false},"author":17,"featured_media":7911,"comment_status":"open","ping_status":"open","sticky":false,"template":"","format":"standard","meta":{"footnotes":""},"categories":[14],"tags":[],"class_list":["post-7910","post","type-post","status-publish","format-standard","has-post-thumbnail","hentry","category-tv"],"yoast_head":"<!-- This site is optimized with the Yoast SEO plugin v26.8 - https:\/\/yoast.com\/product\/yoast-seo-wordpress\/ -->\n<title>Exhausted Sam Claflin Reveals Challenges Filming &#039;The Count of Monte Cristo&#039;! - Kawsachun News -<\/title>\n<meta name=\"robots\" content=\"index, follow, max-snippet:-1, max-image-preview:large, max-video-preview:-1\" \/>\n<link rel=\"canonical\" href=\"https:\/\/kawsachunnews.com\/w\/exhausted-sam-claflin-reveals-challenges-filming-the-count-of-monte-cristo\/\" \/>\n<meta property=\"og:locale\" content=\"en_US\" \/>\n<meta property=\"og:type\" content=\"article\" \/>\n<meta property=\"og:title\" content=\"Exhausted Sam Claflin Reveals Challenges Filming &#039;The Count of Monte Cristo&#039;! - Kawsachun News -\" \/>\n<meta property=\"og:description\" content=\"Premiering tonight on France 2, the European series &#8220;The Count of Monte Cristo&#8221; has been a real challenge for its lead actor, as he shared with ... Continue Reading &rarr;\" \/>\n<meta property=\"og:url\" content=\"https:\/\/kawsachunnews.com\/w\/exhausted-sam-claflin-reveals-challenges-filming-the-count-of-monte-cristo\/\" \/>\n<meta property=\"og:site_name\" content=\"Kawsachun News -\" \/>\n<meta property=\"article:published_time\" content=\"2026-01-01T20:25:05+00:00\" \/>\n<meta property=\"article:modified_time\" content=\"2026-01-01T20:25:06+00:00\" \/>\n<meta property=\"og:image\" content=\"https:\/\/kawsachunnews.com\/w\/wp-content\/uploads\/2026\/01\/Exhausted-Sam-Claflin-Reveals-Challenges-Filming-The-Count-of-Monte.jpg\" \/>\n\t<meta property=\"og:image:width\" content=\"1280\" \/>\n\t<meta property=\"og:image:height\" content=\"720\" \/>\n\t<meta property=\"og:image:type\" content=\"image\/jpeg\" \/>\n<meta name=\"author\" content=\"Iris Lennox\" \/>\n<meta name=\"twitter:card\" content=\"summary_large_image\" \/>\n<meta name=\"twitter:label1\" content=\"Written by\" \/>\n\t<meta name=\"twitter:data1\" content=\"Iris Lennox\" \/>\n\t<meta name=\"twitter:label2\" content=\"Est. reading time\" \/>\n\t<meta name=\"twitter:data2\" content=\"2 minutes\" \/>\n<script type=\"application\/ld+json\" class=\"yoast-schema-graph\">{\"@context\":\"https:\/\/schema.org\",\"@graph\":[{\"@type\":\"Article\",\"@id\":\"https:\/\/kawsachunnews.com\/w\/exhausted-sam-claflin-reveals-challenges-filming-the-count-of-monte-cristo\/#article\",\"isPartOf\":{\"@id\":\"https:\/\/kawsachunnews.com\/w\/exhausted-sam-claflin-reveals-challenges-filming-the-count-of-monte-cristo\/\"},\"author\":{\"name\":\"Iris Lennox\",\"@id\":\"https:\/\/kawsachunnews.com\/w\/#\/schema\/person\/320320f0951ff2b525aa3fd822593170\"},\"headline\":\"Exhausted Sam Claflin Reveals Challenges Filming &#8216;The Count of Monte Cristo&#8217;!\",\"datePublished\":\"2026-01-01T20:25:05+00:00\",\"dateModified\":\"2026-01-01T20:25:06+00:00\",\"mainEntityOfPage\":{\"@id\":\"https:\/\/kawsachunnews.com\/w\/exhausted-sam-claflin-reveals-challenges-filming-the-count-of-monte-cristo\/\"},\"wordCount\":447,\"commentCount\":0,\"publisher\":{\"@id\":\"https:\/\/kawsachunnews.com\/w\/#organization\"},\"image\":{\"@id\":\"https:\/\/kawsachunnews.com\/w\/exhausted-sam-claflin-reveals-challenges-filming-the-count-of-monte-cristo\/#primaryimage\"},\"thumbnailUrl\":\"https:\/\/kawsachunnews.com\/w\/wp-content\/uploads\/2026\/01\/Exhausted-Sam-Claflin-Reveals-Challenges-Filming-The-Count-of-Monte.jpg\",\"articleSection\":[\"TV\"],\"inLanguage\":\"en-US\",\"potentialAction\":[{\"@type\":\"CommentAction\",\"name\":\"Comment\",\"target\":[\"https:\/\/kawsachunnews.com\/w\/exhausted-sam-claflin-reveals-challenges-filming-the-count-of-monte-cristo\/#respond\"]}]},{\"@type\":\"WebPage\",\"@id\":\"https:\/\/kawsachunnews.com\/w\/exhausted-sam-claflin-reveals-challenges-filming-the-count-of-monte-cristo\/\",\"url\":\"https:\/\/kawsachunnews.com\/w\/exhausted-sam-claflin-reveals-challenges-filming-the-count-of-monte-cristo\/\",\"name\":\"Exhausted Sam Claflin Reveals Challenges Filming 'The Count of Monte Cristo'! - Kawsachun News -\",\"isPartOf\":{\"@id\":\"https:\/\/kawsachunnews.com\/w\/#website\"},\"primaryImageOfPage\":{\"@id\":\"https:\/\/kawsachunnews.com\/w\/exhausted-sam-claflin-reveals-challenges-filming-the-count-of-monte-cristo\/#primaryimage\"},\"image\":{\"@id\":\"https:\/\/kawsachunnews.com\/w\/exhausted-sam-claflin-reveals-challenges-filming-the-count-of-monte-cristo\/#primaryimage\"},\"thumbnailUrl\":\"https:\/\/kawsachunnews.com\/w\/wp-content\/uploads\/2026\/01\/Exhausted-Sam-Claflin-Reveals-Challenges-Filming-The-Count-of-Monte.jpg\",\"datePublished\":\"2026-01-01T20:25:05+00:00\",\"dateModified\":\"2026-01-01T20:25:06+00:00\",\"breadcrumb\":{\"@id\":\"https:\/\/kawsachunnews.com\/w\/exhausted-sam-claflin-reveals-challenges-filming-the-count-of-monte-cristo\/#breadcrumb\"},\"inLanguage\":\"en-US\",\"potentialAction\":[{\"@type\":\"ReadAction\",\"target\":[\"https:\/\/kawsachunnews.com\/w\/exhausted-sam-claflin-reveals-challenges-filming-the-count-of-monte-cristo\/\"]}]},{\"@type\":\"ImageObject\",\"inLanguage\":\"en-US\",\"@id\":\"https:\/\/kawsachunnews.com\/w\/exhausted-sam-claflin-reveals-challenges-filming-the-count-of-monte-cristo\/#primaryimage\",\"url\":\"https:\/\/kawsachunnews.com\/w\/wp-content\/uploads\/2026\/01\/Exhausted-Sam-Claflin-Reveals-Challenges-Filming-The-Count-of-Monte.jpg\",\"contentUrl\":\"https:\/\/kawsachunnews.com\/w\/wp-content\/uploads\/2026\/01\/Exhausted-Sam-Claflin-Reveals-Challenges-Filming-The-Count-of-Monte.jpg\",\"width\":1280,\"height\":720,\"caption\":\"\u201cJ\u2019\u00e9tais \u00e9puis\u00e9 \u00e0 la fin\u201d : pourquoi Sam Claflin a-t-il v\u00e9cu un tournage difficile avec le Comte de Monte Cristo ?\"},{\"@type\":\"BreadcrumbList\",\"@id\":\"https:\/\/kawsachunnews.com\/w\/exhausted-sam-claflin-reveals-challenges-filming-the-count-of-monte-cristo\/#breadcrumb\",\"itemListElement\":[{\"@type\":\"ListItem\",\"position\":1,\"name\":\"Accueil\",\"item\":\"https:\/\/kawsachunnews.com\/w\/\"},{\"@type\":\"ListItem\",\"position\":2,\"name\":\"Exhausted Sam Claflin Reveals Challenges Filming &#8216;The Count of Monte Cristo&#8217;!\"}]},{\"@type\":\"WebSite\",\"@id\":\"https:\/\/kawsachunnews.com\/w\/#website\",\"url\":\"https:\/\/kawsachunnews.com\/w\/\",\"name\":\"Kawsachun News -\",\"description\":\"\",\"publisher\":{\"@id\":\"https:\/\/kawsachunnews.com\/w\/#organization\"},\"potentialAction\":[{\"@type\":\"SearchAction\",\"target\":{\"@type\":\"EntryPoint\",\"urlTemplate\":\"https:\/\/kawsachunnews.com\/w\/?s={search_term_string}\"},\"query-input\":{\"@type\":\"PropertyValueSpecification\",\"valueRequired\":true,\"valueName\":\"search_term_string\"}}],\"inLanguage\":\"en-US\"},{\"@type\":\"Organization\",\"@id\":\"https:\/\/kawsachunnews.com\/w\/#organization\",\"name\":\"Kawsachun News -\",\"url\":\"https:\/\/kawsachunnews.com\/w\/\",\"logo\":{\"@type\":\"ImageObject\",\"inLanguage\":\"en-US\",\"@id\":\"https:\/\/kawsachunnews.com\/w\/#\/schema\/logo\/image\/\",\"url\":\"https:\/\/kawsachunnews.com\/w\/wp-content\/uploads\/2024\/09\/kawsachunnews-logo-406-2.jpg\",\"contentUrl\":\"https:\/\/kawsachunnews.com\/w\/wp-content\/uploads\/2024\/09\/kawsachunnews-logo-406-2.jpg\",\"width\":406,\"height\":72,\"caption\":\"Kawsachun News -\"},\"image\":{\"@id\":\"https:\/\/kawsachunnews.com\/w\/#\/schema\/logo\/image\/\"}},{\"@type\":\"Person\",\"@id\":\"https:\/\/kawsachunnews.com\/w\/#\/schema\/person\/320320f0951ff2b525aa3fd822593170\",\"name\":\"Iris Lennox\",\"image\":{\"@type\":\"ImageObject\",\"inLanguage\":\"en-US\",\"@id\":\"https:\/\/kawsachunnews.com\/w\/#\/schema\/person\/image\/\",\"url\":\"https:\/\/secure.gravatar.com\/avatar\/521a95248ab257bc48d343b1e5caafbd?s=96&d=mm&r=g\",\"contentUrl\":\"https:\/\/secure.gravatar.com\/avatar\/521a95248ab257bc48d343b1e5caafbd?s=96&d=mm&r=g\",\"caption\":\"Iris Lennox\"},\"description\":\"A passionate journalist, Iris Lennox covers social and cultural news across the U.S.\",\"url\":\"https:\/\/kawsachunnews.com\/w\/author\/iris-lennox\/\"}]}<\/script>\n<!-- \/ Yoast SEO plugin. -->","yoast_head_json":{"title":"Exhausted Sam Claflin Reveals Challenges Filming 'The Count of Monte Cristo'! - Kawsachun News -","robots":{"index":"index","follow":"follow","max-snippet":"max-snippet:-1","max-image-preview":"max-image-preview:large","max-video-preview":"max-video-preview:-1"},"canonical":"https:\/\/kawsachunnews.com\/w\/exhausted-sam-claflin-reveals-challenges-filming-the-count-of-monte-cristo\/","og_locale":"en_US","og_type":"article","og_title":"Exhausted Sam Claflin Reveals Challenges Filming 'The Count of Monte Cristo'! - Kawsachun News -","og_description":"Premiering tonight on France 2, the European series &#8220;The Count of Monte Cristo&#8221; has been a real challenge for its lead actor, as he shared with ... Continue Reading &rarr;","og_url":"https:\/\/kawsachunnews.com\/w\/exhausted-sam-claflin-reveals-challenges-filming-the-count-of-monte-cristo\/","og_site_name":"Kawsachun News -","article_published_time":"2026-01-01T20:25:05+00:00","article_modified_time":"2026-01-01T20:25:06+00:00","og_image":[{"width":1280,"height":720,"url":"https:\/\/kawsachunnews.com\/w\/wp-content\/uploads\/2026\/01\/Exhausted-Sam-Claflin-Reveals-Challenges-Filming-The-Count-of-Monte.jpg","type":"image\/jpeg"}],"author":"Iris Lennox","twitter_card":"summary_large_image","twitter_misc":{"Written by":"Iris Lennox","Est. reading time":"2 minutes"},"schema":{"@context":"https:\/\/schema.org","@graph":[{"@type":"Article","@id":"https:\/\/kawsachunnews.com\/w\/exhausted-sam-claflin-reveals-challenges-filming-the-count-of-monte-cristo\/#article","isPartOf":{"@id":"https:\/\/kawsachunnews.com\/w\/exhausted-sam-claflin-reveals-challenges-filming-the-count-of-monte-cristo\/"},"author":{"name":"Iris Lennox","@id":"https:\/\/kawsachunnews.com\/w\/#\/schema\/person\/320320f0951ff2b525aa3fd822593170"},"headline":"Exhausted Sam Claflin Reveals Challenges Filming &#8216;The Count of Monte Cristo&#8217;!","datePublished":"2026-01-01T20:25:05+00:00","dateModified":"2026-01-01T20:25:06+00:00","mainEntityOfPage":{"@id":"https:\/\/kawsachunnews.com\/w\/exhausted-sam-claflin-reveals-challenges-filming-the-count-of-monte-cristo\/"},"wordCount":447,"commentCount":0,"publisher":{"@id":"https:\/\/kawsachunnews.com\/w\/#organization"},"image":{"@id":"https:\/\/kawsachunnews.com\/w\/exhausted-sam-claflin-reveals-challenges-filming-the-count-of-monte-cristo\/#primaryimage"},"thumbnailUrl":"https:\/\/kawsachunnews.com\/w\/wp-content\/uploads\/2026\/01\/Exhausted-Sam-Claflin-Reveals-Challenges-Filming-The-Count-of-Monte.jpg","articleSection":["TV"],"inLanguage":"en-US","potentialAction":[{"@type":"CommentAction","name":"Comment","target":["https:\/\/kawsachunnews.com\/w\/exhausted-sam-claflin-reveals-challenges-filming-the-count-of-monte-cristo\/#respond"]}]},{"@type":"WebPage","@id":"https:\/\/kawsachunnews.com\/w\/exhausted-sam-claflin-reveals-challenges-filming-the-count-of-monte-cristo\/","url":"https:\/\/kawsachunnews.com\/w\/exhausted-sam-claflin-reveals-challenges-filming-the-count-of-monte-cristo\/","name":"Exhausted Sam Claflin Reveals Challenges Filming 'The Count of Monte Cristo'! - Kawsachun News -","isPartOf":{"@id":"https:\/\/kawsachunnews.com\/w\/#website"},"primaryImageOfPage":{"@id":"https:\/\/kawsachunnews.com\/w\/exhausted-sam-claflin-reveals-challenges-filming-the-count-of-monte-cristo\/#primaryimage"},"image":{"@id":"https:\/\/kawsachunnews.com\/w\/exhausted-sam-claflin-reveals-challenges-filming-the-count-of-monte-cristo\/#primaryimage"},"thumbnailUrl":"https:\/\/kawsachunnews.com\/w\/wp-content\/uploads\/2026\/01\/Exhausted-Sam-Claflin-Reveals-Challenges-Filming-The-Count-of-Monte.jpg","datePublished":"2026-01-01T20:25:05+00:00","dateModified":"2026-01-01T20:25:06+00:00","breadcrumb":{"@id":"https:\/\/kawsachunnews.com\/w\/exhausted-sam-claflin-reveals-challenges-filming-the-count-of-monte-cristo\/#breadcrumb"},"inLanguage":"en-US","potentialAction":[{"@type":"ReadAction","target":["https:\/\/kawsachunnews.com\/w\/exhausted-sam-claflin-reveals-challenges-filming-the-count-of-monte-cristo\/"]}]},{"@type":"ImageObject","inLanguage":"en-US","@id":"https:\/\/kawsachunnews.com\/w\/exhausted-sam-claflin-reveals-challenges-filming-the-count-of-monte-cristo\/#primaryimage","url":"https:\/\/kawsachunnews.com\/w\/wp-content\/uploads\/2026\/01\/Exhausted-Sam-Claflin-Reveals-Challenges-Filming-The-Count-of-Monte.jpg","contentUrl":"https:\/\/kawsachunnews.com\/w\/wp-content\/uploads\/2026\/01\/Exhausted-Sam-Claflin-Reveals-Challenges-Filming-The-Count-of-Monte.jpg","width":1280,"height":720,"caption":"\u201cJ\u2019\u00e9tais \u00e9puis\u00e9 \u00e0 la fin\u201d : pourquoi Sam Claflin a-t-il v\u00e9cu un tournage difficile avec le Comte de Monte Cristo ?"},{"@type":"BreadcrumbList","@id":"https:\/\/kawsachunnews.com\/w\/exhausted-sam-claflin-reveals-challenges-filming-the-count-of-monte-cristo\/#breadcrumb","itemListElement":[{"@type":"ListItem","position":1,"name":"Accueil","item":"https:\/\/kawsachunnews.com\/w\/"},{"@type":"ListItem","position":2,"name":"Exhausted Sam Claflin Reveals Challenges Filming &#8216;The Count of Monte Cristo&#8217;!"}]},{"@type":"WebSite","@id":"https:\/\/kawsachunnews.com\/w\/#website","url":"https:\/\/kawsachunnews.com\/w\/","name":"Kawsachun News -","description":"","publisher":{"@id":"https:\/\/kawsachunnews.com\/w\/#organization"},"potentialAction":[{"@type":"SearchAction","target":{"@type":"EntryPoint","urlTemplate":"https:\/\/kawsachunnews.com\/w\/?s={search_term_string}"},"query-input":{"@type":"PropertyValueSpecification","valueRequired":true,"valueName":"search_term_string"}}],"inLanguage":"en-US"},{"@type":"Organization","@id":"https:\/\/kawsachunnews.com\/w\/#organization","name":"Kawsachun News -","url":"https:\/\/kawsachunnews.com\/w\/","logo":{"@type":"ImageObject","inLanguage":"en-US","@id":"https:\/\/kawsachunnews.com\/w\/#\/schema\/logo\/image\/","url":"https:\/\/kawsachunnews.com\/w\/wp-content\/uploads\/2024\/09\/kawsachunnews-logo-406-2.jpg","contentUrl":"https:\/\/kawsachunnews.com\/w\/wp-content\/uploads\/2024\/09\/kawsachunnews-logo-406-2.jpg","width":406,"height":72,"caption":"Kawsachun News -"},"image":{"@id":"https:\/\/kawsachunnews.com\/w\/#\/schema\/logo\/image\/"}},{"@type":"Person","@id":"https:\/\/kawsachunnews.com\/w\/#\/schema\/person\/320320f0951ff2b525aa3fd822593170","name":"Iris Lennox","image":{"@type":"ImageObject","inLanguage":"en-US","@id":"https:\/\/kawsachunnews.com\/w\/#\/schema\/person\/image\/","url":"https:\/\/secure.gravatar.com\/avatar\/521a95248ab257bc48d343b1e5caafbd?s=96&d=mm&r=g","contentUrl":"https:\/\/secure.gravatar.com\/avatar\/521a95248ab257bc48d343b1e5caafbd?s=96&d=mm&r=g","caption":"Iris Lennox"},"description":"A passionate journalist, Iris Lennox covers social and cultural news across the U.S.","url":"https:\/\/kawsachunnews.com\/w\/author\/iris-lennox\/"}]}},"_links":{"self":[{"href":"https:\/\/kawsachunnews.com\/w\/wp-json\/wp\/v2\/posts\/7910","targetHints":{"allow":["GET"]}}],"collection":[{"href":"https:\/\/kawsachunnews.com\/w\/wp-json\/wp\/v2\/posts"}],"about":[{"href":"https:\/\/kawsachunnews.com\/w\/wp-json\/wp\/v2\/types\/post"}],"author":[{"embeddable":true,"href":"https:\/\/kawsachunnews.com\/w\/wp-json\/wp\/v2\/users\/17"}],"replies":[{"embeddable":true,"href":"https:\/\/kawsachunnews.com\/w\/wp-json\/wp\/v2\/comments?post=7910"}],"version-history":[{"count":1,"href":"https:\/\/kawsachunnews.com\/w\/wp-json\/wp\/v2\/posts\/7910\/revisions"}],"predecessor-version":[{"id":7912,"href":"https:\/\/kawsachunnews.com\/w\/wp-json\/wp\/v2\/posts\/7910\/revisions\/7912"}],"wp:featuredmedia":[{"embeddable":true,"href":"https:\/\/kawsachunnews.com\/w\/wp-json\/wp\/v2\/media\/7911"}],"wp:attachment":[{"href":"https:\/\/kawsachunnews.com\/w\/wp-json\/wp\/v2\/media?parent=7910"}],"wp:term":[{"taxonomy":"category","embeddable":true,"href":"https:\/\/kawsachunnews.com\/w\/wp-json\/wp\/v2\/categories?post=7910"},{"taxonomy":"post_tag","embeddable":true,"href":"https:\/\/kawsachunnews.com\/w\/wp-json\/wp\/v2\/tags?post=7910"}],"curies":[{"name":"wp","href":"https:\/\/api.w.org\/{rel}","templated":true}]}}