{"id":9956,"date":"2026-09-02T06:46:22","date_gmt":"2026-09-02T10:46:22","guid":{"rendered":"https:\/\/kawsachunnews.com\/w\/first-look-jane-austens-sense-and-sensibility-returns-to-cinema-star-studded-cast-revealed\/"},"modified":"2026-09-02T06:46:23","modified_gmt":"2026-09-02T10:46:23","slug":"first-look-jane-austens-sense-and-sensibility-returns-to-cinema-star-studded-cast-revealed","status":"publish","type":"post","link":"https:\/\/kawsachunnews.com\/w\/first-look-jane-austens-sense-and-sensibility-returns-to-cinema-star-studded-cast-revealed\/","title":{"rendered":"First Look: Jane Austen&#8217;s &#8216;Sense and Sensibility&#8217; Returns to Cinema, Star-Studded Cast Revealed!"},"content":{"rendered":"<article id=\"article-container\" class=\"article-container\"><\/p>\n<div class=\"top-news\"><\/p>\n<div class=\"top-news-item\"><\/p>\n<div class=\"button-image-holder\"><\/div>\n<p>\n            <span class=\"txt\">Add Allocin\u00e9 to Your Favorite Sources<\/span>\n        <\/div>\n<p><\/p>\n<div class=\"top-news-item\">\n            <span class=\"txt\">Follow Us<\/span>\n        <\/div>\n<p><\/p>\n<div class=\"top-news-item\"><\/p>\n<div class=\"more-overlay js-more-overlay overlay-right\"><\/p>\n<div class=\"more-overlay-trigger js-more-overlay-button\">\n                    <span class=\"news-share-button icon icon-share-social\"><br \/>\n                        <span class=\"news-share-button-label\">Share this article<\/span><br \/>\n                    <\/span>\n                <\/div>\n<p><\/p>\n<div class=\"more-overlay-content\"><\/p>\n<div class=\"sharing-list\"><\/p>\n<div class=\"sharing-item\">\n                            <span class=\"button button-whatsapp-full-ghost js-share-btn\" aria-label=\"Share this content on Whatsapp\"><br \/>\n                                <i class=\"icon icon-left icon-social-whatsapp-ghost\"><span class=\"no-icon\">WA<\/span><\/i><span class=\"txt\">whatsapp<\/span><br \/>\n                            <\/span>\n                        <\/div>\n<p><\/p>\n<div class=\"sharing-item\">\n                            <span class=\"button button-fb-full-ghost js-share-btn\" aria-label=\"Share this content on Facebook\"><br \/>\n                                <i class=\"icon icon-left icon-social-facebook-ghost\"><span class=\"no-icon\">FB<\/span><\/i><span class=\"txt\">facebook<\/span><br \/>\n                            <\/span>\n                        <\/div>\n<p><\/p>\n<div class=\"sharing-item\">\n                            <span class=\"button button-tw-full-ghost js-share-btn\" aria-label=\"Share this content on Twitter\"><br \/>\n                                <i class=\"icon icon-left icon-social-twitter-ghost\"><span class=\"no-icon\">TW<\/span><\/i><span class=\"txt\">Tweet<\/span><br \/>\n                            <\/span>\n                        <\/div>\n<p>\n                    <\/div>\n<p>\n                <\/div>\n<p>\n            <\/div>\n<p>\n        <\/div>\n<p>\n    <\/div>\n<p class=\"article-lead\">Directed by Georgia Oakley (&#8220;Blue Jean&#8221;), the new adaptation of &#8220;Sense and Sensibility&#8221; featuring Daisy Edgar-Jones reveals its first images. Jane Austen fans are in for a treat.<\/p>\n<div id=\"article-content\" class=\"article-content\"><\/p>\n<figure class=\"article-figure article-main-figure\"><figcaption class=\"article-figcaption-copy\">Universal Pictures International France<\/figcaption>\n        <\/figure>\n<div class=\"in-app-read-wrapper js-in-app-read\" data-ios-store-url=\"https:\/\/apps.apple.com\/app\/id351184863\" data-android-store-url=\"https:\/\/play.google.com\/store\/apps\/details?id=com.allocine.androidapp\">\n            <span class=\"txt\">Read in the App<\/span>\n        <\/div>\n<p class=\"bo-p\">A glance at her filmography, which includes films and series inspired by her, shows that Jane Austen&#8217;s work has never gone out of style. Set in early 19th century England, her novels portray society and its classes with realism and sharpness that allow her stories to be adapted to different times and countries without losing their impact. The plot of <i>&#8220;Pride and Prejudice&#8221;<\/i> has inspired both classic adaptations and modern twists like &#8220;Bride and Prejudice&#8221; and the gay romance &#8220;Fire Island.&#8221;<\/p>\n<p><\/p>\n<p class=\"bo-p\">Her most famous book, &#8220;Pride and Prejudice,&#8221; will soon arrive on Netflix as a mini-series starring Emma Corrin. This year is an exciting one for Jane Austen fans, with the series &#8220;The Other Bennet Sister&#8221; exploring the life of a secondary character from the novel, and a new adaptation of &#8220;Sense and Sensibility,&#8221; the first images of which have just been released.<\/p>\n<p><\/p>\n<p class=\"bo-p\">Thirty years after Ang Lee&#8217;s adaptation, Georgia Oakley (Blue Jean) takes on this classic, directing Daisy Edgar-Jones (Normal People) and Esm\u00e9 Creed-Miles (Hanna) in roles originally played by Emma Thompson and Kate Winslet in the 1996 film, which earned an Oscar for Best Adapted Screenplay. This version, set for release on September 23, does not change the period or the fundamental story.<\/p>\n<p><\/p>\n<h2 class=\"bo-h2\">In Theaters September 23<\/h2>\n<p><\/p>\n<p class=\"bo-p\">The story still revolves around Mrs. Dashwood (played by Caitriona Balfe), forced to move from the city to the countryside following her husband&#8217;s death, with their three daughters. Among them, Elinor and Marianne face varying fortunes in their pursuits of love. The cast also includes Fiona Shaw (Harry Potter), George MacKay (1917), Stacy Martin (Le Redoutable), and Herbert Nordrum (the breakout male star of Julie (en 12 chapitres)).<\/p>\n<p><\/p>\n<h2 class=\"bo-h2\">Daisy Edgar-Jones, Queen of Emotions?<\/h2>\n<p><\/p>\n<p class=\"bo-p\">Jane Austen&#8217;s fans have much to look forward to, while newcomers can discover another of her classic novels, less known than &#8220;Pride and Prejudice&#8221; but equally poignant. Hopefully, Daisy Edgar-Jones will move us as deeply as she did in &#8220;Normal People,&#8221; one of the finest series of this century, further establishing herself as a reliable talent when it comes to exploring love, with all its challenges and disappointments, on screen.<\/p>\n<p><\/p>\n<p class=\"bo-p\"><i>AlloCin\u00e9 offers over 40 daily articles on cinema and series news, interviews, streaming recommendations, and quirky cinephile facts about your favorite movies and series. <\/i><span class=\"bo-link\" target=\"_blank\" rel=\"noopener\"><i>Subscribing to AlloCin\u00e9 on Google Discover<\/i><\/span><i> ensures you explore the richness of a site designed by enthusiasts for enthusiasts every day.<\/i><\/p>\n<p>\n    <\/div>\n<p>\n<\/article>\n\n\n<div class=\"kk-star-ratings kksr-auto kksr-align-left kksr-valign-bottom\"\n    data-payload='{&quot;align&quot;:&quot;left&quot;,&quot;id&quot;:&quot;9956&quot;,&quot;slug&quot;:&quot;default&quot;,&quot;valign&quot;:&quot;bottom&quot;,&quot;ignore&quot;:&quot;&quot;,&quot;reference&quot;:&quot;auto&quot;,&quot;class&quot;:&quot;&quot;,&quot;count&quot;:&quot;0&quot;,&quot;legendonly&quot;:&quot;&quot;,&quot;readonly&quot;:&quot;&quot;,&quot;score&quot;:&quot;0&quot;,&quot;starsonly&quot;:&quot;&quot;,&quot;best&quot;:&quot;5&quot;,&quot;gap&quot;:&quot;5&quot;,&quot;greet&quot;:&quot;Rate this post&quot;,&quot;legend&quot;:&quot;0\\\/5 - (0 votes)&quot;,&quot;size&quot;:&quot;22&quot;,&quot;title&quot;:&quot;First Look: Jane Austen\\u0026#039;s \\u0026#039;Sense and Sensibility\\u0026#039; Returns to Cinema, Star-Studded Cast Revealed!&quot;,&quot;width&quot;:&quot;0&quot;,&quot;_legend&quot;:&quot;{score}\\\/{best} - ({count} {votes})&quot;,&quot;font_factor&quot;:&quot;1.25&quot;}'>\n            \n<div class=\"kksr-stars\">\n    \n<div class=\"kksr-stars-inactive\">\n            <div class=\"kksr-star\" data-star=\"1\" style=\"padding-right: 5px\">\n            \n\n<div class=\"kksr-icon\" style=\"width: 22px; height: 22px;\"><\/div>\n        <\/div>\n            <div class=\"kksr-star\" data-star=\"2\" style=\"padding-right: 5px\">\n            \n\n<div class=\"kksr-icon\" style=\"width: 22px; height: 22px;\"><\/div>\n        <\/div>\n            <div class=\"kksr-star\" data-star=\"3\" style=\"padding-right: 5px\">\n            \n\n<div class=\"kksr-icon\" style=\"width: 22px; height: 22px;\"><\/div>\n        <\/div>\n            <div class=\"kksr-star\" data-star=\"4\" style=\"padding-right: 5px\">\n            \n\n<div class=\"kksr-icon\" style=\"width: 22px; height: 22px;\"><\/div>\n        <\/div>\n            <div class=\"kksr-star\" data-star=\"5\" style=\"padding-right: 5px\">\n            \n\n<div class=\"kksr-icon\" style=\"width: 22px; height: 22px;\"><\/div>\n        <\/div>\n    <\/div>\n    \n<div class=\"kksr-stars-active\" style=\"width: 0px;\">\n            <div class=\"kksr-star\" style=\"padding-right: 5px\">\n            \n\n<div class=\"kksr-icon\" style=\"width: 22px; height: 22px;\"><\/div>\n        <\/div>\n            <div class=\"kksr-star\" style=\"padding-right: 5px\">\n            \n\n<div class=\"kksr-icon\" style=\"width: 22px; height: 22px;\"><\/div>\n        <\/div>\n            <div class=\"kksr-star\" style=\"padding-right: 5px\">\n            \n\n<div class=\"kksr-icon\" style=\"width: 22px; height: 22px;\"><\/div>\n        <\/div>\n            <div class=\"kksr-star\" style=\"padding-right: 5px\">\n            \n\n<div class=\"kksr-icon\" style=\"width: 22px; height: 22px;\"><\/div>\n        <\/div>\n            <div class=\"kksr-star\" style=\"padding-right: 5px\">\n            \n\n<div class=\"kksr-icon\" style=\"width: 22px; height: 22px;\"><\/div>\n        <\/div>\n    <\/div>\n<\/div>\n                \n\n<div class=\"kksr-legend\" style=\"font-size: 17.6px;\">\n            <span class=\"kksr-muted\">Rate this post<\/span>\n    <\/div>\n    <\/div>\n","protected":false},"excerpt":{"rendered":"<p>Add Allocin\u00e9 to Your Favorite Sources Follow Us Share this article WAwhatsapp FBfacebook TWTweet Directed by Georgia Oakley (&#8220;Blue Jean&#8221;), the new adaptation of &#8220;Sense and &#8230; <a title=\"First Look: Jane Austen&#8217;s &#8216;Sense and Sensibility&#8217; Returns to Cinema, Star-Studded Cast Revealed!\" class=\"read-more\" href=\"https:\/\/kawsachunnews.com\/w\/first-look-jane-austens-sense-and-sensibility-returns-to-cinema-star-studded-cast-revealed\/\" aria-label=\"Read more about First Look: Jane Austen&#8217;s &#8216;Sense and Sensibility&#8217; Returns to Cinema, Star-Studded Cast Revealed!\">Continue Reading &rarr;<\/a><\/p>\n","protected":false},"author":17,"featured_media":9957,"comment_status":"open","ping_status":"open","sticky":false,"template":"","format":"standard","meta":{"footnotes":""},"categories":[14],"tags":[],"class_list":["post-9956","post","type-post","status-publish","format-standard","has-post-thumbnail","hentry","category-tv"],"yoast_head":"<!-- This site is optimized with the Yoast SEO plugin v26.8 - https:\/\/yoast.com\/product\/yoast-seo-wordpress\/ -->\n<title>First Look: Jane Austen&#039;s &#039;Sense and Sensibility&#039; Returns to Cinema, Star-Studded Cast Revealed! - Kawsachun News -<\/title>\n<meta name=\"robots\" content=\"index, follow, max-snippet:-1, max-image-preview:large, max-video-preview:-1\" \/>\n<link rel=\"canonical\" href=\"https:\/\/kawsachunnews.com\/w\/first-look-jane-austens-sense-and-sensibility-returns-to-cinema-star-studded-cast-revealed\/\" \/>\n<meta property=\"og:locale\" content=\"en_US\" \/>\n<meta property=\"og:type\" content=\"article\" \/>\n<meta property=\"og:title\" content=\"First Look: Jane Austen&#039;s &#039;Sense and Sensibility&#039; Returns to Cinema, Star-Studded Cast Revealed! - Kawsachun News -\" \/>\n<meta property=\"og:description\" content=\"Add Allocin\u00e9 to Your Favorite Sources Follow Us Share this article WAwhatsapp FBfacebook TWTweet Directed by Georgia Oakley (&#8220;Blue Jean&#8221;), the new adaptation of &#8220;Sense and ... Continue Reading &rarr;\" \/>\n<meta property=\"og:url\" content=\"https:\/\/kawsachunnews.com\/w\/first-look-jane-austens-sense-and-sensibility-returns-to-cinema-star-studded-cast-revealed\/\" \/>\n<meta property=\"og:site_name\" content=\"Kawsachun News -\" \/>\n<meta property=\"article:published_time\" content=\"2026-09-02T10:46:22+00:00\" \/>\n<meta property=\"article:modified_time\" content=\"2026-09-02T10:46:23+00:00\" \/>\n<meta property=\"og:image\" content=\"https:\/\/kawsachunnews.com\/w\/wp-content\/uploads\/2026\/09\/First-Look-Jane-Austens-Sense-and-Sensibility-Returns-to-Cinema.jpg\" \/>\n\t<meta property=\"og:image:width\" content=\"1280\" \/>\n\t<meta property=\"og:image:height\" content=\"720\" \/>\n\t<meta property=\"og:image:type\" content=\"image\/jpeg\" \/>\n<meta name=\"author\" content=\"Iris Lennox\" \/>\n<meta name=\"twitter:card\" content=\"summary_large_image\" \/>\n<meta name=\"twitter:label1\" content=\"Written by\" \/>\n\t<meta name=\"twitter:data1\" content=\"Iris Lennox\" \/>\n\t<meta name=\"twitter:label2\" content=\"Est. reading time\" \/>\n\t<meta name=\"twitter:data2\" content=\"2 minutes\" \/>\n<script type=\"application\/ld+json\" class=\"yoast-schema-graph\">{\"@context\":\"https:\/\/schema.org\",\"@graph\":[{\"@type\":\"Article\",\"@id\":\"https:\/\/kawsachunnews.com\/w\/first-look-jane-austens-sense-and-sensibility-returns-to-cinema-star-studded-cast-revealed\/#article\",\"isPartOf\":{\"@id\":\"https:\/\/kawsachunnews.com\/w\/first-look-jane-austens-sense-and-sensibility-returns-to-cinema-star-studded-cast-revealed\/\"},\"author\":{\"name\":\"Iris Lennox\",\"@id\":\"https:\/\/kawsachunnews.com\/w\/#\/schema\/person\/320320f0951ff2b525aa3fd822593170\"},\"headline\":\"First Look: Jane Austen&#8217;s &#8216;Sense and Sensibility&#8217; Returns to Cinema, Star-Studded Cast Revealed!\",\"datePublished\":\"2026-09-02T10:46:22+00:00\",\"dateModified\":\"2026-09-02T10:46:23+00:00\",\"mainEntityOfPage\":{\"@id\":\"https:\/\/kawsachunnews.com\/w\/first-look-jane-austens-sense-and-sensibility-returns-to-cinema-star-studded-cast-revealed\/\"},\"wordCount\":462,\"commentCount\":0,\"publisher\":{\"@id\":\"https:\/\/kawsachunnews.com\/w\/#organization\"},\"image\":{\"@id\":\"https:\/\/kawsachunnews.com\/w\/first-look-jane-austens-sense-and-sensibility-returns-to-cinema-star-studded-cast-revealed\/#primaryimage\"},\"thumbnailUrl\":\"https:\/\/kawsachunnews.com\/w\/wp-content\/uploads\/2026\/09\/First-Look-Jane-Austens-Sense-and-Sensibility-Returns-to-Cinema.jpg\",\"articleSection\":[\"TV\"],\"inLanguage\":\"en-US\",\"potentialAction\":[{\"@type\":\"CommentAction\",\"name\":\"Comment\",\"target\":[\"https:\/\/kawsachunnews.com\/w\/first-look-jane-austens-sense-and-sensibility-returns-to-cinema-star-studded-cast-revealed\/#respond\"]}]},{\"@type\":\"WebPage\",\"@id\":\"https:\/\/kawsachunnews.com\/w\/first-look-jane-austens-sense-and-sensibility-returns-to-cinema-star-studded-cast-revealed\/\",\"url\":\"https:\/\/kawsachunnews.com\/w\/first-look-jane-austens-sense-and-sensibility-returns-to-cinema-star-studded-cast-revealed\/\",\"name\":\"First Look: Jane Austen's 'Sense and Sensibility' Returns to Cinema, Star-Studded Cast Revealed! - Kawsachun News -\",\"isPartOf\":{\"@id\":\"https:\/\/kawsachunnews.com\/w\/#website\"},\"primaryImageOfPage\":{\"@id\":\"https:\/\/kawsachunnews.com\/w\/first-look-jane-austens-sense-and-sensibility-returns-to-cinema-star-studded-cast-revealed\/#primaryimage\"},\"image\":{\"@id\":\"https:\/\/kawsachunnews.com\/w\/first-look-jane-austens-sense-and-sensibility-returns-to-cinema-star-studded-cast-revealed\/#primaryimage\"},\"thumbnailUrl\":\"https:\/\/kawsachunnews.com\/w\/wp-content\/uploads\/2026\/09\/First-Look-Jane-Austens-Sense-and-Sensibility-Returns-to-Cinema.jpg\",\"datePublished\":\"2026-09-02T10:46:22+00:00\",\"dateModified\":\"2026-09-02T10:46:23+00:00\",\"breadcrumb\":{\"@id\":\"https:\/\/kawsachunnews.com\/w\/first-look-jane-austens-sense-and-sensibility-returns-to-cinema-star-studded-cast-revealed\/#breadcrumb\"},\"inLanguage\":\"en-US\",\"potentialAction\":[{\"@type\":\"ReadAction\",\"target\":[\"https:\/\/kawsachunnews.com\/w\/first-look-jane-austens-sense-and-sensibility-returns-to-cinema-star-studded-cast-revealed\/\"]}]},{\"@type\":\"ImageObject\",\"inLanguage\":\"en-US\",\"@id\":\"https:\/\/kawsachunnews.com\/w\/first-look-jane-austens-sense-and-sensibility-returns-to-cinema-star-studded-cast-revealed\/#primaryimage\",\"url\":\"https:\/\/kawsachunnews.com\/w\/wp-content\/uploads\/2026\/09\/First-Look-Jane-Austens-Sense-and-Sensibility-Returns-to-Cinema.jpg\",\"contentUrl\":\"https:\/\/kawsachunnews.com\/w\/wp-content\/uploads\/2026\/09\/First-Look-Jane-Austens-Sense-and-Sensibility-Returns-to-Cinema.jpg\",\"width\":1280,\"height\":720,\"caption\":\"Premi\u00e8res images Raison et Sentiments : 30 ans apr\u00e8s le film r\u00e9compens\u00e9 aux Oscars, ce classique sign\u00e9 Jane Austen revient au cin\u00e9ma avec la star de l'une des meilleures s\u00e9ries du XXIe si\u00e8cle\"},{\"@type\":\"BreadcrumbList\",\"@id\":\"https:\/\/kawsachunnews.com\/w\/first-look-jane-austens-sense-and-sensibility-returns-to-cinema-star-studded-cast-revealed\/#breadcrumb\",\"itemListElement\":[{\"@type\":\"ListItem\",\"position\":1,\"name\":\"Accueil\",\"item\":\"https:\/\/kawsachunnews.com\/w\/\"},{\"@type\":\"ListItem\",\"position\":2,\"name\":\"First Look: Jane Austen&#8217;s &#8216;Sense and Sensibility&#8217; Returns to Cinema, Star-Studded Cast Revealed!\"}]},{\"@type\":\"WebSite\",\"@id\":\"https:\/\/kawsachunnews.com\/w\/#website\",\"url\":\"https:\/\/kawsachunnews.com\/w\/\",\"name\":\"Kawsachun News -\",\"description\":\"\",\"publisher\":{\"@id\":\"https:\/\/kawsachunnews.com\/w\/#organization\"},\"potentialAction\":[{\"@type\":\"SearchAction\",\"target\":{\"@type\":\"EntryPoint\",\"urlTemplate\":\"https:\/\/kawsachunnews.com\/w\/?s={search_term_string}\"},\"query-input\":{\"@type\":\"PropertyValueSpecification\",\"valueRequired\":true,\"valueName\":\"search_term_string\"}}],\"inLanguage\":\"en-US\"},{\"@type\":\"Organization\",\"@id\":\"https:\/\/kawsachunnews.com\/w\/#organization\",\"name\":\"Kawsachun News -\",\"url\":\"https:\/\/kawsachunnews.com\/w\/\",\"logo\":{\"@type\":\"ImageObject\",\"inLanguage\":\"en-US\",\"@id\":\"https:\/\/kawsachunnews.com\/w\/#\/schema\/logo\/image\/\",\"url\":\"https:\/\/kawsachunnews.com\/w\/wp-content\/uploads\/2024\/09\/kawsachunnews-logo-406-2.jpg\",\"contentUrl\":\"https:\/\/kawsachunnews.com\/w\/wp-content\/uploads\/2024\/09\/kawsachunnews-logo-406-2.jpg\",\"width\":406,\"height\":72,\"caption\":\"Kawsachun News -\"},\"image\":{\"@id\":\"https:\/\/kawsachunnews.com\/w\/#\/schema\/logo\/image\/\"}},{\"@type\":\"Person\",\"@id\":\"https:\/\/kawsachunnews.com\/w\/#\/schema\/person\/320320f0951ff2b525aa3fd822593170\",\"name\":\"Iris Lennox\",\"image\":{\"@type\":\"ImageObject\",\"inLanguage\":\"en-US\",\"@id\":\"https:\/\/kawsachunnews.com\/w\/#\/schema\/person\/image\/\",\"url\":\"https:\/\/secure.gravatar.com\/avatar\/521a95248ab257bc48d343b1e5caafbd?s=96&d=mm&r=g\",\"contentUrl\":\"https:\/\/secure.gravatar.com\/avatar\/521a95248ab257bc48d343b1e5caafbd?s=96&d=mm&r=g\",\"caption\":\"Iris Lennox\"},\"description\":\"A passionate journalist, Iris Lennox covers social and cultural news across the U.S.\",\"url\":\"https:\/\/kawsachunnews.com\/w\/author\/iris-lennox\/\"}]}<\/script>\n<!-- \/ Yoast SEO plugin. -->","yoast_head_json":{"title":"First Look: Jane Austen's 'Sense and Sensibility' Returns to Cinema, Star-Studded Cast Revealed! - Kawsachun News -","robots":{"index":"index","follow":"follow","max-snippet":"max-snippet:-1","max-image-preview":"max-image-preview:large","max-video-preview":"max-video-preview:-1"},"canonical":"https:\/\/kawsachunnews.com\/w\/first-look-jane-austens-sense-and-sensibility-returns-to-cinema-star-studded-cast-revealed\/","og_locale":"en_US","og_type":"article","og_title":"First Look: Jane Austen's 'Sense and Sensibility' Returns to Cinema, Star-Studded Cast Revealed! - Kawsachun News -","og_description":"Add Allocin\u00e9 to Your Favorite Sources Follow Us Share this article WAwhatsapp FBfacebook TWTweet Directed by Georgia Oakley (&#8220;Blue Jean&#8221;), the new adaptation of &#8220;Sense and ... Continue Reading &rarr;","og_url":"https:\/\/kawsachunnews.com\/w\/first-look-jane-austens-sense-and-sensibility-returns-to-cinema-star-studded-cast-revealed\/","og_site_name":"Kawsachun News -","article_published_time":"2026-09-02T10:46:22+00:00","article_modified_time":"2026-09-02T10:46:23+00:00","og_image":[{"width":1280,"height":720,"url":"https:\/\/kawsachunnews.com\/w\/wp-content\/uploads\/2026\/09\/First-Look-Jane-Austens-Sense-and-Sensibility-Returns-to-Cinema.jpg","type":"image\/jpeg"}],"author":"Iris Lennox","twitter_card":"summary_large_image","twitter_misc":{"Written by":"Iris Lennox","Est. reading time":"2 minutes"},"schema":{"@context":"https:\/\/schema.org","@graph":[{"@type":"Article","@id":"https:\/\/kawsachunnews.com\/w\/first-look-jane-austens-sense-and-sensibility-returns-to-cinema-star-studded-cast-revealed\/#article","isPartOf":{"@id":"https:\/\/kawsachunnews.com\/w\/first-look-jane-austens-sense-and-sensibility-returns-to-cinema-star-studded-cast-revealed\/"},"author":{"name":"Iris Lennox","@id":"https:\/\/kawsachunnews.com\/w\/#\/schema\/person\/320320f0951ff2b525aa3fd822593170"},"headline":"First Look: Jane Austen&#8217;s &#8216;Sense and Sensibility&#8217; Returns to Cinema, Star-Studded Cast Revealed!","datePublished":"2026-09-02T10:46:22+00:00","dateModified":"2026-09-02T10:46:23+00:00","mainEntityOfPage":{"@id":"https:\/\/kawsachunnews.com\/w\/first-look-jane-austens-sense-and-sensibility-returns-to-cinema-star-studded-cast-revealed\/"},"wordCount":462,"commentCount":0,"publisher":{"@id":"https:\/\/kawsachunnews.com\/w\/#organization"},"image":{"@id":"https:\/\/kawsachunnews.com\/w\/first-look-jane-austens-sense-and-sensibility-returns-to-cinema-star-studded-cast-revealed\/#primaryimage"},"thumbnailUrl":"https:\/\/kawsachunnews.com\/w\/wp-content\/uploads\/2026\/09\/First-Look-Jane-Austens-Sense-and-Sensibility-Returns-to-Cinema.jpg","articleSection":["TV"],"inLanguage":"en-US","potentialAction":[{"@type":"CommentAction","name":"Comment","target":["https:\/\/kawsachunnews.com\/w\/first-look-jane-austens-sense-and-sensibility-returns-to-cinema-star-studded-cast-revealed\/#respond"]}]},{"@type":"WebPage","@id":"https:\/\/kawsachunnews.com\/w\/first-look-jane-austens-sense-and-sensibility-returns-to-cinema-star-studded-cast-revealed\/","url":"https:\/\/kawsachunnews.com\/w\/first-look-jane-austens-sense-and-sensibility-returns-to-cinema-star-studded-cast-revealed\/","name":"First Look: Jane Austen's 'Sense and Sensibility' Returns to Cinema, Star-Studded Cast Revealed! - Kawsachun News -","isPartOf":{"@id":"https:\/\/kawsachunnews.com\/w\/#website"},"primaryImageOfPage":{"@id":"https:\/\/kawsachunnews.com\/w\/first-look-jane-austens-sense-and-sensibility-returns-to-cinema-star-studded-cast-revealed\/#primaryimage"},"image":{"@id":"https:\/\/kawsachunnews.com\/w\/first-look-jane-austens-sense-and-sensibility-returns-to-cinema-star-studded-cast-revealed\/#primaryimage"},"thumbnailUrl":"https:\/\/kawsachunnews.com\/w\/wp-content\/uploads\/2026\/09\/First-Look-Jane-Austens-Sense-and-Sensibility-Returns-to-Cinema.jpg","datePublished":"2026-09-02T10:46:22+00:00","dateModified":"2026-09-02T10:46:23+00:00","breadcrumb":{"@id":"https:\/\/kawsachunnews.com\/w\/first-look-jane-austens-sense-and-sensibility-returns-to-cinema-star-studded-cast-revealed\/#breadcrumb"},"inLanguage":"en-US","potentialAction":[{"@type":"ReadAction","target":["https:\/\/kawsachunnews.com\/w\/first-look-jane-austens-sense-and-sensibility-returns-to-cinema-star-studded-cast-revealed\/"]}]},{"@type":"ImageObject","inLanguage":"en-US","@id":"https:\/\/kawsachunnews.com\/w\/first-look-jane-austens-sense-and-sensibility-returns-to-cinema-star-studded-cast-revealed\/#primaryimage","url":"https:\/\/kawsachunnews.com\/w\/wp-content\/uploads\/2026\/09\/First-Look-Jane-Austens-Sense-and-Sensibility-Returns-to-Cinema.jpg","contentUrl":"https:\/\/kawsachunnews.com\/w\/wp-content\/uploads\/2026\/09\/First-Look-Jane-Austens-Sense-and-Sensibility-Returns-to-Cinema.jpg","width":1280,"height":720,"caption":"Premi\u00e8res images Raison et Sentiments : 30 ans apr\u00e8s le film r\u00e9compens\u00e9 aux Oscars, ce classique sign\u00e9 Jane Austen revient au cin\u00e9ma avec la star de l'une des meilleures s\u00e9ries du XXIe si\u00e8cle"},{"@type":"BreadcrumbList","@id":"https:\/\/kawsachunnews.com\/w\/first-look-jane-austens-sense-and-sensibility-returns-to-cinema-star-studded-cast-revealed\/#breadcrumb","itemListElement":[{"@type":"ListItem","position":1,"name":"Accueil","item":"https:\/\/kawsachunnews.com\/w\/"},{"@type":"ListItem","position":2,"name":"First Look: Jane Austen&#8217;s &#8216;Sense and Sensibility&#8217; Returns to Cinema, Star-Studded Cast Revealed!"}]},{"@type":"WebSite","@id":"https:\/\/kawsachunnews.com\/w\/#website","url":"https:\/\/kawsachunnews.com\/w\/","name":"Kawsachun News -","description":"","publisher":{"@id":"https:\/\/kawsachunnews.com\/w\/#organization"},"potentialAction":[{"@type":"SearchAction","target":{"@type":"EntryPoint","urlTemplate":"https:\/\/kawsachunnews.com\/w\/?s={search_term_string}"},"query-input":{"@type":"PropertyValueSpecification","valueRequired":true,"valueName":"search_term_string"}}],"inLanguage":"en-US"},{"@type":"Organization","@id":"https:\/\/kawsachunnews.com\/w\/#organization","name":"Kawsachun News -","url":"https:\/\/kawsachunnews.com\/w\/","logo":{"@type":"ImageObject","inLanguage":"en-US","@id":"https:\/\/kawsachunnews.com\/w\/#\/schema\/logo\/image\/","url":"https:\/\/kawsachunnews.com\/w\/wp-content\/uploads\/2024\/09\/kawsachunnews-logo-406-2.jpg","contentUrl":"https:\/\/kawsachunnews.com\/w\/wp-content\/uploads\/2024\/09\/kawsachunnews-logo-406-2.jpg","width":406,"height":72,"caption":"Kawsachun News -"},"image":{"@id":"https:\/\/kawsachunnews.com\/w\/#\/schema\/logo\/image\/"}},{"@type":"Person","@id":"https:\/\/kawsachunnews.com\/w\/#\/schema\/person\/320320f0951ff2b525aa3fd822593170","name":"Iris Lennox","image":{"@type":"ImageObject","inLanguage":"en-US","@id":"https:\/\/kawsachunnews.com\/w\/#\/schema\/person\/image\/","url":"https:\/\/secure.gravatar.com\/avatar\/521a95248ab257bc48d343b1e5caafbd?s=96&d=mm&r=g","contentUrl":"https:\/\/secure.gravatar.com\/avatar\/521a95248ab257bc48d343b1e5caafbd?s=96&d=mm&r=g","caption":"Iris Lennox"},"description":"A passionate journalist, Iris Lennox covers social and cultural news across the U.S.","url":"https:\/\/kawsachunnews.com\/w\/author\/iris-lennox\/"}]}},"_links":{"self":[{"href":"https:\/\/kawsachunnews.com\/w\/wp-json\/wp\/v2\/posts\/9956","targetHints":{"allow":["GET"]}}],"collection":[{"href":"https:\/\/kawsachunnews.com\/w\/wp-json\/wp\/v2\/posts"}],"about":[{"href":"https:\/\/kawsachunnews.com\/w\/wp-json\/wp\/v2\/types\/post"}],"author":[{"embeddable":true,"href":"https:\/\/kawsachunnews.com\/w\/wp-json\/wp\/v2\/users\/17"}],"replies":[{"embeddable":true,"href":"https:\/\/kawsachunnews.com\/w\/wp-json\/wp\/v2\/comments?post=9956"}],"version-history":[{"count":1,"href":"https:\/\/kawsachunnews.com\/w\/wp-json\/wp\/v2\/posts\/9956\/revisions"}],"predecessor-version":[{"id":9958,"href":"https:\/\/kawsachunnews.com\/w\/wp-json\/wp\/v2\/posts\/9956\/revisions\/9958"}],"wp:featuredmedia":[{"embeddable":true,"href":"https:\/\/kawsachunnews.com\/w\/wp-json\/wp\/v2\/media\/9957"}],"wp:attachment":[{"href":"https:\/\/kawsachunnews.com\/w\/wp-json\/wp\/v2\/media?parent=9956"}],"wp:term":[{"taxonomy":"category","embeddable":true,"href":"https:\/\/kawsachunnews.com\/w\/wp-json\/wp\/v2\/categories?post=9956"},{"taxonomy":"post_tag","embeddable":true,"href":"https:\/\/kawsachunnews.com\/w\/wp-json\/wp\/v2\/tags?post=9956"}],"curies":[{"name":"wp","href":"https:\/\/api.w.org\/{rel}","templated":true}]}}